{"id":14836,"date":"2023-07-26T13:04:08","date_gmt":"2023-07-26T13:04:08","guid":{"rendered":"http:\/\/enteculturalsantafesino.com.ar\/usina3\/?p=14836"},"modified":"2023-07-26T13:04:12","modified_gmt":"2023-07-26T13:04:12","slug":"canada-del-ucle-ya-tiene-a-sus-ganadores-del-torneo-provincial-de-bolitas","status":"publish","type":"post","link":"http:\/\/enteculturalsantafesino.com.ar\/usina3\/2023\/07\/canada-del-ucle-ya-tiene-a-sus-ganadores-del-torneo-provincial-de-bolitas\/","title":{"rendered":"Ca\u00f1ada del Ucle ya tiene a sus  ganadores del \u00abTorneo Provincial de Bolitas\u00bb"},"content":{"rendered":"\n<p>El\u00a0<strong>s\u00e1bado 15 <\/strong>en el patio del <strong>Club Carlos Dose,<\/strong>\u00a0se desarroll\u00f3 la instancia local del\u00a0<strong>\u00abTorneo Provincial de Bolitas\u00bb\u00a0<\/strong>del\u00a0<strong>Ente Cultural Santafesino<\/strong>, organizado por la<strong>\u00a0Biblioteca Popular \u00abSue\u00f1os de Papel\u00bb <\/strong>y la<strong> Comisi\u00f3n Joven del Club Carlos Dose<\/strong>.<\/p>\n\n\n\n<p><strong>Los ganadores:<\/strong><\/p>\n\n\n\n<p><strong>Categor\u00eda A:\u00a0<\/strong>Ian Tolosa<br><strong>Categor\u00eda D:\u00a0<\/strong>Mario Fr\u00edas<\/p>\n\n\n\n<p><em><strong>Es maravilloso, c\u00f3mo la sencillez de este juego enciende pasi\u00f3n en ni\u00f1os y adolescentes. Un a\u00f1o m\u00e1s el torneo de bolitas deja como saldo un hermoso encuentro en el espacio p\u00fablico.<\/strong><\/em><\/p>\n\n\n\n<p><strong>Claudia Giaccone<\/strong>&nbsp;se\u00f1al\u00f3 que este trabajo de transitar los distintos caminos santafesinos nos lleva a descubrir el potencial humano y productivo que tambi\u00e9n tiene que ver con la cultura del trabajo de nuestra Santa Fe.<em>&nbsp;\u00abAll\u00ed aparecen estas f\u00e1bricas, que son patrimonio cultural y de trabajo para muchos santafesinos y santafesinas\u00bb<\/em>.&nbsp;<\/p>\n","protected":false},"excerpt":{"rendered":"<p>El\u00a0s\u00e1bado 15 en el patio del Club Carlos Dose,\u00a0se desarroll\u00f3 la instancia local del\u00a0\u00abTorneo Provincial de Bolitas\u00bb\u00a0del\u00a0Ente [&hellip;]<\/p>\n","protected":false},"author":3,"featured_media":14837,"comment_status":"open","ping_status":"open","sticky":false,"template":"","format":"standard","meta":{"_jetpack_memberships_contains_paid_content":false,"footnotes":"","jetpack_publicize_message":"","jetpack_publicize_feature_enabled":true,"jetpack_social_post_already_shared":true,"jetpack_social_options":{"image_generator_settings":{"template":"highway","enabled":false}}},"categories":[5,4],"tags":[],"jetpack_publicize_connections":[],"jetpack_featured_media_url":"http:\/\/enteculturalsantafesino.com.ar\/usina3\/wp-content\/uploads\/2023\/07\/4a0447c6-57e9-4f9c-8436-c8baea0ea507-e1690376638563.jpg","jetpack_sharing_enabled":true,"_links":{"self":[{"href":"http:\/\/enteculturalsantafesino.com.ar\/usina3\/wp-json\/wp\/v2\/posts\/14836"}],"collection":[{"href":"http:\/\/enteculturalsantafesino.com.ar\/usina3\/wp-json\/wp\/v2\/posts"}],"about":[{"href":"http:\/\/enteculturalsantafesino.com.ar\/usina3\/wp-json\/wp\/v2\/types\/post"}],"author":[{"embeddable":true,"href":"http:\/\/enteculturalsantafesino.com.ar\/usina3\/wp-json\/wp\/v2\/users\/3"}],"replies":[{"embeddable":true,"href":"http:\/\/enteculturalsantafesino.com.ar\/usina3\/wp-json\/wp\/v2\/comments?post=14836"}],"version-history":[{"count":1,"href":"http:\/\/enteculturalsantafesino.com.ar\/usina3\/wp-json\/wp\/v2\/posts\/14836\/revisions"}],"predecessor-version":[{"id":14838,"href":"http:\/\/enteculturalsantafesino.com.ar\/usina3\/wp-json\/wp\/v2\/posts\/14836\/revisions\/14838"}],"wp:featuredmedia":[{"embeddable":true,"href":"http:\/\/enteculturalsantafesino.com.ar\/usina3\/wp-json\/wp\/v2\/media\/14837"}],"wp:attachment":[{"href":"http:\/\/enteculturalsantafesino.com.ar\/usina3\/wp-json\/wp\/v2\/media?parent=14836"}],"wp:term":[{"taxonomy":"category","embeddable":true,"href":"http:\/\/enteculturalsantafesino.com.ar\/usina3\/wp-json\/wp\/v2\/categories?post=14836"},{"taxonomy":"post_tag","embeddable":true,"href":"http:\/\/enteculturalsantafesino.com.ar\/usina3\/wp-json\/wp\/v2\/tags?post=14836"}],"curies":[{"name":"wp","href":"https:\/\/api.w.org\/{rel}","templated":true}]}}