{"id":14885,"date":"2023-09-06T16:36:13","date_gmt":"2023-09-06T16:36:13","guid":{"rendered":"http:\/\/enteculturalsantafesino.com.ar\/usina3\/?p=14885"},"modified":"2023-09-06T16:36:17","modified_gmt":"2023-09-06T16:36:17","slug":"volvio-la-pena-a-pavon-arriba","status":"publish","type":"post","link":"http:\/\/enteculturalsantafesino.com.ar\/usina3\/2023\/09\/volvio-la-pena-a-pavon-arriba\/","title":{"rendered":"Volvi\u00f3 la pe\u00f1a a Pav\u00f3n Arriba"},"content":{"rendered":"\n<p>La m\u00fasica tradicional de nuestro pa\u00eds son\u00f3 con fuerza en el Sal\u00f3n de Fiestas del Club San Mart\u00edn, que estuvo encargado del servicio de buffet. Sobre el escenario se lucieron con sus performances alumnos del taller local Ra\u00edces Argentinas y academias de localidades vecinas. <\/p>\n\n\n\n<p>A la vez que deleitaron con sus shows Lula Solis, Wayqe y Positivo Folk (banda designada por Cultura Provincial)<\/p>\n\n\n\n<p>El evento, organizado por el \u00e1rea de Cultura es una plataforma de visibilidad para nuestros artistas y de la regi\u00f3n, as\u00ed como tambi\u00e9n mantienen a la cultura activa en la agenda diaria<\/p>\n","protected":false},"excerpt":{"rendered":"<p>La m\u00fasica tradicional de nuestro pa\u00eds son\u00f3 con fuerza en el Sal\u00f3n de Fiestas del Club San [&hellip;]<\/p>\n","protected":false},"author":3,"featured_media":14886,"comment_status":"open","ping_status":"open","sticky":false,"template":"","format":"standard","meta":{"_jetpack_memberships_contains_paid_content":false,"footnotes":"","jetpack_publicize_message":"","jetpack_publicize_feature_enabled":true,"jetpack_social_post_already_shared":true,"jetpack_social_options":{"image_generator_settings":{"template":"highway","enabled":false}}},"categories":[54],"tags":[],"jetpack_publicize_connections":[],"jetpack_featured_media_url":"http:\/\/enteculturalsantafesino.com.ar\/usina3\/wp-content\/uploads\/2023\/09\/375323632_693832429450166_8103052778073541993_n-e1694018160107.jpg","jetpack_sharing_enabled":true,"_links":{"self":[{"href":"http:\/\/enteculturalsantafesino.com.ar\/usina3\/wp-json\/wp\/v2\/posts\/14885"}],"collection":[{"href":"http:\/\/enteculturalsantafesino.com.ar\/usina3\/wp-json\/wp\/v2\/posts"}],"about":[{"href":"http:\/\/enteculturalsantafesino.com.ar\/usina3\/wp-json\/wp\/v2\/types\/post"}],"author":[{"embeddable":true,"href":"http:\/\/enteculturalsantafesino.com.ar\/usina3\/wp-json\/wp\/v2\/users\/3"}],"replies":[{"embeddable":true,"href":"http:\/\/enteculturalsantafesino.com.ar\/usina3\/wp-json\/wp\/v2\/comments?post=14885"}],"version-history":[{"count":1,"href":"http:\/\/enteculturalsantafesino.com.ar\/usina3\/wp-json\/wp\/v2\/posts\/14885\/revisions"}],"predecessor-version":[{"id":14887,"href":"http:\/\/enteculturalsantafesino.com.ar\/usina3\/wp-json\/wp\/v2\/posts\/14885\/revisions\/14887"}],"wp:featuredmedia":[{"embeddable":true,"href":"http:\/\/enteculturalsantafesino.com.ar\/usina3\/wp-json\/wp\/v2\/media\/14886"}],"wp:attachment":[{"href":"http:\/\/enteculturalsantafesino.com.ar\/usina3\/wp-json\/wp\/v2\/media?parent=14885"}],"wp:term":[{"taxonomy":"category","embeddable":true,"href":"http:\/\/enteculturalsantafesino.com.ar\/usina3\/wp-json\/wp\/v2\/categories?post=14885"},{"taxonomy":"post_tag","embeddable":true,"href":"http:\/\/enteculturalsantafesino.com.ar\/usina3\/wp-json\/wp\/v2\/tags?post=14885"}],"curies":[{"name":"wp","href":"https:\/\/api.w.org\/{rel}","templated":true}]}}