{"id":14928,"date":"2023-10-19T11:26:33","date_gmt":"2023-10-19T11:26:33","guid":{"rendered":"http:\/\/enteculturalsantafesino.com.ar\/usina3\/?p=14928"},"modified":"2023-10-19T11:26:36","modified_gmt":"2023-10-19T11:26:36","slug":"maria-teresa-celebro-la-diversidad-cultural-con-un-festival-internacional-de-danza","status":"publish","type":"post","link":"http:\/\/enteculturalsantafesino.com.ar\/usina3\/2023\/10\/maria-teresa-celebro-la-diversidad-cultural-con-un-festival-internacional-de-danza\/","title":{"rendered":"Mar\u00eda Teresa celebr\u00f3 la Diversidad Cultural con un Festival Internacional de Danza."},"content":{"rendered":"\n<p>El pasado viernes 13 de octubre, en el marco del D\u00eda del Respeto a la Diversidad Cultural, Mar\u00eda Teresa fue sede del Festival Internacional de Danza Patrimonial en Pareja. <\/p>\n\n\n\n<p>Esta propuesta, en la que participaron parejas de Latinoam\u00e9rica con danzas patrimoniales de sus pa\u00edses, tiene el prop\u00f3sito de promover y conservar las tradiciones como parte de la identidad de los pueblos del mundo.<\/p>\n\n\n\n<p>El festival, de car\u00e1cter popular, pretende promover el intercambio cultural entre todos los participantes, buscando la armon\u00eda y la paz entre los pueblos, utilizando el folklore como base de comprensi\u00f3n para la diversidad cultural del mundo.<\/p>\n","protected":false},"excerpt":{"rendered":"<p>El pasado viernes 13 de octubre, en el marco del D\u00eda del Respeto a la Diversidad Cultural, [&hellip;]<\/p>\n","protected":false},"author":3,"featured_media":14929,"comment_status":"open","ping_status":"open","sticky":false,"template":"","format":"standard","meta":{"_jetpack_memberships_contains_paid_content":false,"footnotes":"","jetpack_publicize_message":"","jetpack_publicize_feature_enabled":true,"jetpack_social_post_already_shared":true,"jetpack_social_options":{"image_generator_settings":{"template":"highway","enabled":false}}},"categories":[8],"tags":[],"jetpack_publicize_connections":[],"jetpack_featured_media_url":"http:\/\/enteculturalsantafesino.com.ar\/usina3\/wp-content\/uploads\/2023\/10\/392756606_636687501946927_2022548754443678825_n.jpg","jetpack_sharing_enabled":true,"_links":{"self":[{"href":"http:\/\/enteculturalsantafesino.com.ar\/usina3\/wp-json\/wp\/v2\/posts\/14928"}],"collection":[{"href":"http:\/\/enteculturalsantafesino.com.ar\/usina3\/wp-json\/wp\/v2\/posts"}],"about":[{"href":"http:\/\/enteculturalsantafesino.com.ar\/usina3\/wp-json\/wp\/v2\/types\/post"}],"author":[{"embeddable":true,"href":"http:\/\/enteculturalsantafesino.com.ar\/usina3\/wp-json\/wp\/v2\/users\/3"}],"replies":[{"embeddable":true,"href":"http:\/\/enteculturalsantafesino.com.ar\/usina3\/wp-json\/wp\/v2\/comments?post=14928"}],"version-history":[{"count":1,"href":"http:\/\/enteculturalsantafesino.com.ar\/usina3\/wp-json\/wp\/v2\/posts\/14928\/revisions"}],"predecessor-version":[{"id":14930,"href":"http:\/\/enteculturalsantafesino.com.ar\/usina3\/wp-json\/wp\/v2\/posts\/14928\/revisions\/14930"}],"wp:featuredmedia":[{"embeddable":true,"href":"http:\/\/enteculturalsantafesino.com.ar\/usina3\/wp-json\/wp\/v2\/media\/14929"}],"wp:attachment":[{"href":"http:\/\/enteculturalsantafesino.com.ar\/usina3\/wp-json\/wp\/v2\/media?parent=14928"}],"wp:term":[{"taxonomy":"category","embeddable":true,"href":"http:\/\/enteculturalsantafesino.com.ar\/usina3\/wp-json\/wp\/v2\/categories?post=14928"},{"taxonomy":"post_tag","embeddable":true,"href":"http:\/\/enteculturalsantafesino.com.ar\/usina3\/wp-json\/wp\/v2\/tags?post=14928"}],"curies":[{"name":"wp","href":"https:\/\/api.w.org\/{rel}","templated":true}]}}