{"id":14931,"date":"2023-10-19T11:54:10","date_gmt":"2023-10-19T11:54:10","guid":{"rendered":"http:\/\/enteculturalsantafesino.com.ar\/usina3\/?p=14931"},"modified":"2023-10-19T11:54:13","modified_gmt":"2023-10-19T11:54:13","slug":"maria-teresa-tendra-su-segunda-fiesta-del-teatro","status":"publish","type":"post","link":"http:\/\/enteculturalsantafesino.com.ar\/usina3\/2023\/10\/maria-teresa-tendra-su-segunda-fiesta-del-teatro\/","title":{"rendered":"Mar\u00eda Teresa tendr\u00e1 su Segunda \u00abFiesta del Teatro\u00bb"},"content":{"rendered":"\n<p>Se viene la <strong>II Fiesta del Teatro de la localidad!<\/strong> <\/p>\n\n\n\n<p>Se realizar\u00e1 los d\u00edas<strong> 28 y 29 de octubre <\/strong>con entrada a la gorra.<\/p>\n\n\n\n<p>Habr\u00e1 obras para ni\u00f1os y adultos y mucho m\u00e1s. \u00a1No te la podes perder!<\/p>\n\n\n\n<p>La grilla con todos los espect\u00e1culos que brillar\u00e1n en el escenario del Centro Cultural Comunal:<\/p>\n\n\n\n<p><strong>II Fiesta del Teatro, correspondiente al s\u00e1bado 28 de octubre.<\/strong>&#8211; Infantil \u201cLamparitas\u201d &#8211; int\u00e9rprete-creador: Eleazar Fanjul &#8211; Rosario- \u201cA bailar, a girar\u201d &#8211; Teatro Musical Infantil &#8211; Mar\u00eda Teresa- \u201cMujer con caja de herramientas\u201d &#8211; Grupo \u201cLadran Sancho\u201d &#8211; Gualeguaych\u00fa- \u201cHelenas, la otra mujer\u201d &#8211; Equipo MT Teatro en Movimiento \u2013 Mar\u00eda Teresa<\/p>\n\n\n\n<figure class=\"wp-block-gallery columns-3 is-cropped wp-block-gallery-1 is-layout-flex wp-block-gallery-is-layout-flex\"><ul class=\"blocks-gallery-grid\"><li class=\"blocks-gallery-item\"><figure><img loading=\"lazy\" decoding=\"async\" width=\"812\" height=\"1024\" src=\"http:\/\/enteculturalsantafesino.com.ar\/usina3\/wp-content\/uploads\/2023\/10\/394233786_339717758461413_1408587562954255919_n-812x1024.jpg\" alt=\"\" data-id=\"14932\" data-full-url=\"http:\/\/enteculturalsantafesino.com.ar\/usina3\/wp-content\/uploads\/2023\/10\/394233786_339717758461413_1408587562954255919_n.jpg\" data-link=\"http:\/\/enteculturalsantafesino.com.ar\/usina3\/?attachment_id=14932\" class=\"wp-image-14932\" srcset=\"http:\/\/enteculturalsantafesino.com.ar\/usina3\/wp-content\/uploads\/2023\/10\/394233786_339717758461413_1408587562954255919_n-812x1024.jpg 812w, http:\/\/enteculturalsantafesino.com.ar\/usina3\/wp-content\/uploads\/2023\/10\/394233786_339717758461413_1408587562954255919_n-238x300.jpg 238w, http:\/\/enteculturalsantafesino.com.ar\/usina3\/wp-content\/uploads\/2023\/10\/394233786_339717758461413_1408587562954255919_n-768x969.jpg 768w, http:\/\/enteculturalsantafesino.com.ar\/usina3\/wp-content\/uploads\/2023\/10\/394233786_339717758461413_1408587562954255919_n.jpg 951w\" sizes=\"(max-width: 812px) 100vw, 812px\" \/><\/figure><\/li><li class=\"blocks-gallery-item\"><figure><img loading=\"lazy\" decoding=\"async\" width=\"812\" height=\"1024\" src=\"http:\/\/enteculturalsantafesino.com.ar\/usina3\/wp-content\/uploads\/2023\/10\/394262757_339717755128080_4288905381307399552_n-812x1024.jpg\" alt=\"\" data-id=\"14933\" data-full-url=\"http:\/\/enteculturalsantafesino.com.ar\/usina3\/wp-content\/uploads\/2023\/10\/394262757_339717755128080_4288905381307399552_n.jpg\" data-link=\"http:\/\/enteculturalsantafesino.com.ar\/usina3\/?attachment_id=14933\" class=\"wp-image-14933\" srcset=\"http:\/\/enteculturalsantafesino.com.ar\/usina3\/wp-content\/uploads\/2023\/10\/394262757_339717755128080_4288905381307399552_n-812x1024.jpg 812w, http:\/\/enteculturalsantafesino.com.ar\/usina3\/wp-content\/uploads\/2023\/10\/394262757_339717755128080_4288905381307399552_n-238x300.jpg 238w, http:\/\/enteculturalsantafesino.com.ar\/usina3\/wp-content\/uploads\/2023\/10\/394262757_339717755128080_4288905381307399552_n-768x969.jpg 768w, http:\/\/enteculturalsantafesino.com.ar\/usina3\/wp-content\/uploads\/2023\/10\/394262757_339717755128080_4288905381307399552_n.jpg 951w\" sizes=\"(max-width: 812px) 100vw, 812px\" \/><\/figure><\/li><li class=\"blocks-gallery-item\"><figure><img loading=\"lazy\" decoding=\"async\" width=\"475\" height=\"600\" src=\"http:\/\/enteculturalsantafesino.com.ar\/usina3\/wp-content\/uploads\/2023\/10\/394263821_339717751794747_4505274900510020302_n.jpg\" alt=\"\" data-id=\"14934\" data-full-url=\"http:\/\/enteculturalsantafesino.com.ar\/usina3\/wp-content\/uploads\/2023\/10\/394263821_339717751794747_4505274900510020302_n.jpg\" data-link=\"http:\/\/enteculturalsantafesino.com.ar\/usina3\/?attachment_id=14934\" class=\"wp-image-14934\" srcset=\"http:\/\/enteculturalsantafesino.com.ar\/usina3\/wp-content\/uploads\/2023\/10\/394263821_339717751794747_4505274900510020302_n.jpg 475w, http:\/\/enteculturalsantafesino.com.ar\/usina3\/wp-content\/uploads\/2023\/10\/394263821_339717751794747_4505274900510020302_n-238x300.jpg 238w\" sizes=\"(max-width: 475px) 100vw, 475px\" \/><\/figure><\/li><\/ul><\/figure>\n\n\n\n<p><strong>Programaci\u00f3n de la II Fiesta del Teatro, correspondiente al domingo 29 de octubre:<\/strong>-. Infantil \u201cTodo por un mimo\u201d &#8211; Venado Tuerto- \u201cPoror\u00f3, una historia gestual y musical\u201d &#8211; Equipo MT Teatro en Movimiento \u2013 Mar\u00eda Teresa- \u201cTeresa Acosta y la Virgen de F\u00e1tima\u201d &#8211; Direcci\u00f3n Fiorentina Belbuzzi &#8211; San Gregorio &#8211; \u201cPiloto autom\u00e1tico\u201d &#8211; Venado Tuerto &#8211; \u201cOjala\u201d &#8211; Grupo \u201cLa Ventana\u201d &#8211; Murphy y un adelanto de \u00abBrujas\u00bb de la Escuela de Danzas \u00c1rabes Mahaila.<\/p>\n\n\n\n<figure class=\"wp-block-gallery columns-3 is-cropped wp-block-gallery-2 is-layout-flex wp-block-gallery-is-layout-flex\"><ul class=\"blocks-gallery-grid\"><li class=\"blocks-gallery-item\"><figure><img loading=\"lazy\" decoding=\"async\" width=\"812\" height=\"1024\" src=\"http:\/\/enteculturalsantafesino.com.ar\/usina3\/wp-content\/uploads\/2023\/10\/394281276_340215598411629_1829186911877343712_n-1-812x1024.jpg\" alt=\"\" data-id=\"14936\" data-full-url=\"http:\/\/enteculturalsantafesino.com.ar\/usina3\/wp-content\/uploads\/2023\/10\/394281276_340215598411629_1829186911877343712_n-1.jpg\" data-link=\"http:\/\/enteculturalsantafesino.com.ar\/usina3\/?attachment_id=14936\" class=\"wp-image-14936\" srcset=\"http:\/\/enteculturalsantafesino.com.ar\/usina3\/wp-content\/uploads\/2023\/10\/394281276_340215598411629_1829186911877343712_n-1-812x1024.jpg 812w, http:\/\/enteculturalsantafesino.com.ar\/usina3\/wp-content\/uploads\/2023\/10\/394281276_340215598411629_1829186911877343712_n-1-238x300.jpg 238w, http:\/\/enteculturalsantafesino.com.ar\/usina3\/wp-content\/uploads\/2023\/10\/394281276_340215598411629_1829186911877343712_n-1-768x969.jpg 768w, http:\/\/enteculturalsantafesino.com.ar\/usina3\/wp-content\/uploads\/2023\/10\/394281276_340215598411629_1829186911877343712_n-1.jpg 951w\" sizes=\"(max-width: 812px) 100vw, 812px\" \/><\/figure><\/li><li class=\"blocks-gallery-item\"><figure><img loading=\"lazy\" decoding=\"async\" width=\"812\" height=\"1024\" src=\"http:\/\/enteculturalsantafesino.com.ar\/usina3\/wp-content\/uploads\/2023\/10\/394282495_340215611744961_1402069940138209479_n-812x1024.jpg\" alt=\"\" data-id=\"14937\" data-full-url=\"http:\/\/enteculturalsantafesino.com.ar\/usina3\/wp-content\/uploads\/2023\/10\/394282495_340215611744961_1402069940138209479_n.jpg\" data-link=\"http:\/\/enteculturalsantafesino.com.ar\/usina3\/?attachment_id=14937\" class=\"wp-image-14937\" srcset=\"http:\/\/enteculturalsantafesino.com.ar\/usina3\/wp-content\/uploads\/2023\/10\/394282495_340215611744961_1402069940138209479_n-812x1024.jpg 812w, http:\/\/enteculturalsantafesino.com.ar\/usina3\/wp-content\/uploads\/2023\/10\/394282495_340215611744961_1402069940138209479_n-238x300.jpg 238w, http:\/\/enteculturalsantafesino.com.ar\/usina3\/wp-content\/uploads\/2023\/10\/394282495_340215611744961_1402069940138209479_n-768x969.jpg 768w, http:\/\/enteculturalsantafesino.com.ar\/usina3\/wp-content\/uploads\/2023\/10\/394282495_340215611744961_1402069940138209479_n.jpg 951w\" sizes=\"(max-width: 812px) 100vw, 812px\" \/><\/figure><\/li><li class=\"blocks-gallery-item\"><figure><img loading=\"lazy\" decoding=\"async\" width=\"812\" height=\"1024\" src=\"http:\/\/enteculturalsantafesino.com.ar\/usina3\/wp-content\/uploads\/2023\/10\/394283140_340215605078295_9027321975003479890_n-812x1024.jpg\" alt=\"\" data-id=\"14938\" data-full-url=\"http:\/\/enteculturalsantafesino.com.ar\/usina3\/wp-content\/uploads\/2023\/10\/394283140_340215605078295_9027321975003479890_n.jpg\" data-link=\"http:\/\/enteculturalsantafesino.com.ar\/usina3\/?attachment_id=14938\" class=\"wp-image-14938\" srcset=\"http:\/\/enteculturalsantafesino.com.ar\/usina3\/wp-content\/uploads\/2023\/10\/394283140_340215605078295_9027321975003479890_n-812x1024.jpg 812w, http:\/\/enteculturalsantafesino.com.ar\/usina3\/wp-content\/uploads\/2023\/10\/394283140_340215605078295_9027321975003479890_n-238x300.jpg 238w, http:\/\/enteculturalsantafesino.com.ar\/usina3\/wp-content\/uploads\/2023\/10\/394283140_340215605078295_9027321975003479890_n-768x969.jpg 768w, http:\/\/enteculturalsantafesino.com.ar\/usina3\/wp-content\/uploads\/2023\/10\/394283140_340215605078295_9027321975003479890_n.jpg 951w\" sizes=\"(max-width: 812px) 100vw, 812px\" \/><\/figure><\/li><li class=\"blocks-gallery-item\"><figure><img loading=\"lazy\" decoding=\"async\" width=\"812\" height=\"1024\" src=\"http:\/\/enteculturalsantafesino.com.ar\/usina3\/wp-content\/uploads\/2023\/10\/394286151_340215608411628_2939998947881372148_n-812x1024.jpg\" alt=\"\" data-id=\"14939\" data-full-url=\"http:\/\/enteculturalsantafesino.com.ar\/usina3\/wp-content\/uploads\/2023\/10\/394286151_340215608411628_2939998947881372148_n.jpg\" data-link=\"http:\/\/enteculturalsantafesino.com.ar\/usina3\/?attachment_id=14939\" class=\"wp-image-14939\" srcset=\"http:\/\/enteculturalsantafesino.com.ar\/usina3\/wp-content\/uploads\/2023\/10\/394286151_340215608411628_2939998947881372148_n-812x1024.jpg 812w, http:\/\/enteculturalsantafesino.com.ar\/usina3\/wp-content\/uploads\/2023\/10\/394286151_340215608411628_2939998947881372148_n-238x300.jpg 238w, http:\/\/enteculturalsantafesino.com.ar\/usina3\/wp-content\/uploads\/2023\/10\/394286151_340215608411628_2939998947881372148_n-768x969.jpg 768w, http:\/\/enteculturalsantafesino.com.ar\/usina3\/wp-content\/uploads\/2023\/10\/394286151_340215608411628_2939998947881372148_n.jpg 951w\" sizes=\"(max-width: 812px) 100vw, 812px\" \/><\/figure><\/li><li class=\"blocks-gallery-item\"><figure><img loading=\"lazy\" decoding=\"async\" width=\"812\" height=\"1024\" src=\"http:\/\/enteculturalsantafesino.com.ar\/usina3\/wp-content\/uploads\/2023\/10\/394840905_340215601744962_1803452220709758059_n-812x1024.jpg\" alt=\"\" data-id=\"14940\" data-full-url=\"http:\/\/enteculturalsantafesino.com.ar\/usina3\/wp-content\/uploads\/2023\/10\/394840905_340215601744962_1803452220709758059_n.jpg\" data-link=\"http:\/\/enteculturalsantafesino.com.ar\/usina3\/?attachment_id=14940\" class=\"wp-image-14940\" srcset=\"http:\/\/enteculturalsantafesino.com.ar\/usina3\/wp-content\/uploads\/2023\/10\/394840905_340215601744962_1803452220709758059_n-812x1024.jpg 812w, http:\/\/enteculturalsantafesino.com.ar\/usina3\/wp-content\/uploads\/2023\/10\/394840905_340215601744962_1803452220709758059_n-238x300.jpg 238w, http:\/\/enteculturalsantafesino.com.ar\/usina3\/wp-content\/uploads\/2023\/10\/394840905_340215601744962_1803452220709758059_n-768x969.jpg 768w, http:\/\/enteculturalsantafesino.com.ar\/usina3\/wp-content\/uploads\/2023\/10\/394840905_340215601744962_1803452220709758059_n.jpg 951w\" sizes=\"(max-width: 812px) 100vw, 812px\" \/><\/figure><\/li><\/ul><\/figure>\n","protected":false},"excerpt":{"rendered":"<p>Se viene la II Fiesta del Teatro de la localidad! Se realizar\u00e1 los d\u00edas 28 y 29 [&hellip;]<\/p>\n","protected":false},"author":3,"featured_media":14942,"comment_status":"open","ping_status":"open","sticky":false,"template":"","format":"standard","meta":{"_jetpack_memberships_contains_paid_content":false,"footnotes":"","jetpack_publicize_message":"","jetpack_publicize_feature_enabled":true,"jetpack_social_post_already_shared":true,"jetpack_social_options":{"image_generator_settings":{"template":"highway","enabled":false}}},"categories":[8],"tags":[],"jetpack_publicize_connections":[],"jetpack_featured_media_url":"http:\/\/enteculturalsantafesino.com.ar\/usina3\/wp-content\/uploads\/2023\/10\/392755248_636727698609574_3770956511052725286_n-1.jpg","jetpack_sharing_enabled":true,"_links":{"self":[{"href":"http:\/\/enteculturalsantafesino.com.ar\/usina3\/wp-json\/wp\/v2\/posts\/14931"}],"collection":[{"href":"http:\/\/enteculturalsantafesino.com.ar\/usina3\/wp-json\/wp\/v2\/posts"}],"about":[{"href":"http:\/\/enteculturalsantafesino.com.ar\/usina3\/wp-json\/wp\/v2\/types\/post"}],"author":[{"embeddable":true,"href":"http:\/\/enteculturalsantafesino.com.ar\/usina3\/wp-json\/wp\/v2\/users\/3"}],"replies":[{"embeddable":true,"href":"http:\/\/enteculturalsantafesino.com.ar\/usina3\/wp-json\/wp\/v2\/comments?post=14931"}],"version-history":[{"count":3,"href":"http:\/\/enteculturalsantafesino.com.ar\/usina3\/wp-json\/wp\/v2\/posts\/14931\/revisions"}],"predecessor-version":[{"id":14943,"href":"http:\/\/enteculturalsantafesino.com.ar\/usina3\/wp-json\/wp\/v2\/posts\/14931\/revisions\/14943"}],"wp:featuredmedia":[{"embeddable":true,"href":"http:\/\/enteculturalsantafesino.com.ar\/usina3\/wp-json\/wp\/v2\/media\/14942"}],"wp:attachment":[{"href":"http:\/\/enteculturalsantafesino.com.ar\/usina3\/wp-json\/wp\/v2\/media?parent=14931"}],"wp:term":[{"taxonomy":"category","embeddable":true,"href":"http:\/\/enteculturalsantafesino.com.ar\/usina3\/wp-json\/wp\/v2\/categories?post=14931"},{"taxonomy":"post_tag","embeddable":true,"href":"http:\/\/enteculturalsantafesino.com.ar\/usina3\/wp-json\/wp\/v2\/tags?post=14931"}],"curies":[{"name":"wp","href":"https:\/\/api.w.org\/{rel}","templated":true}]}}