{"id":15007,"date":"2024-02-13T15:30:57","date_gmt":"2024-02-13T15:30:57","guid":{"rendered":"http:\/\/enteculturalsantafesino.com.ar\/usina3\/?p=15007"},"modified":"2024-02-13T15:30:59","modified_gmt":"2024-02-13T15:30:59","slug":"la-noche-apertura-de-a-todo-pulmon-ilumino-a-santa-isabel","status":"publish","type":"post","link":"http:\/\/enteculturalsantafesino.com.ar\/usina3\/2024\/02\/la-noche-apertura-de-a-todo-pulmon-ilumino-a-santa-isabel\/","title":{"rendered":"La noche apertura de \u00abA Todo Pulm\u00f3n\u00bb ilumin\u00f3 a Santa Isabel"},"content":{"rendered":"\n<p>El evento se destac\u00f3 por su diversidad art\u00edstica, ofreciendo desde actuaciones de escuelas de danza locales hasta un emocionante tributo a Soda Stereo, garantizando una experiencia inclusiva y memorable para todos los presentes. Adem\u00e1s, se puso especial atenci\u00f3n en asegurar la accesibilidad del festival, con precios asequibles para que todas las familias pudieran disfrutar plenamente de la noche.<\/p>\n\n\n\n<p>La esperada primera noche del festival \u00abA Todo Pulm\u00f3n\u00bb ha dejado una huella significativa en el coraz\u00f3n de Santa Isabel, congregando a m\u00e1s de 3.500 personas en una celebraci\u00f3n de m\u00fasica, danza y cultura que confirma el evento como uno de los m\u00e1s importantes del sur de Santa Fe.<\/p>\n\n\n\n<p>Pablo Giorgis, presidente comunal de Santa Isabel, expres\u00f3 su satisfacci\u00f3n por el \u00e9xito de la noche inaugural, destacando el esp\u00edritu de comunidad y la riqueza cultural que el festival aporta a la regi\u00f3n. \u00abA Todo Pulm\u00f3n trasciende los l\u00edmites de nuestra localidad para convertirse en un patrimonio de toda la regi\u00f3n\u00bb, se\u00f1al\u00f3 Giorgis, resaltando la importancia de estos encuentros culturales para fortalecer los lazos comunitarios y regionales.<\/p>\n\n\n\n<p>El evento se destac\u00f3 por su diversidad art\u00edstica, ofreciendo desde actuaciones de escuelas de danza locales hasta un emocionante tributo a Soda Stereo, garantizando una experiencia inclusiva y memorable para todos los presentes. Adem\u00e1s, se puso especial atenci\u00f3n en asegurar la accesibilidad del festival, con precios asequibles para que todas las familias pudieran disfrutar plenamente de la noche.<\/p>\n\n\n\n<p>A pesar de los desaf\u00edos econ\u00f3micos actuales, la organizaci\u00f3n del festival demostr\u00f3 ser un ejemplo de creatividad y colaboraci\u00f3n comunitaria. La iniciativa y el apoyo de la comunidad empresarial y las instituciones locales fueron fundamentales para acercar el festival a la autogesti\u00f3n, cubriendo una gran parte de los gastos y asegurando su sustentabilidad.<\/p>\n\n\n\n<p>Giorgis invita a la comunidad a no perderse las pr\u00f3ximas actividades del festival, que incluir\u00e1n celebraciones especiales por el aniversario de Santa Isabel, con una promesa de m\u00e1s noches llenas de arte, cultura y uni\u00f3n comunitaria.<br>&nbsp;<\/p>\n","protected":false},"excerpt":{"rendered":"<p>El evento se destac\u00f3 por su diversidad art\u00edstica, ofreciendo desde actuaciones de escuelas de danza locales hasta [&hellip;]<\/p>\n","protected":false},"author":3,"featured_media":15008,"comment_status":"open","ping_status":"open","sticky":false,"template":"","format":"standard","meta":{"_jetpack_memberships_contains_paid_content":false,"footnotes":"","jetpack_publicize_message":"","jetpack_publicize_feature_enabled":true,"jetpack_social_post_already_shared":true,"jetpack_social_options":{"image_generator_settings":{"template":"highway","enabled":false}}},"categories":[3],"tags":[],"jetpack_publicize_connections":[],"jetpack_featured_media_url":"http:\/\/enteculturalsantafesino.com.ar\/usina3\/wp-content\/uploads\/2024\/02\/426191879_815283130643137_2588426883842799620_n.jpg","jetpack_sharing_enabled":true,"_links":{"self":[{"href":"http:\/\/enteculturalsantafesino.com.ar\/usina3\/wp-json\/wp\/v2\/posts\/15007"}],"collection":[{"href":"http:\/\/enteculturalsantafesino.com.ar\/usina3\/wp-json\/wp\/v2\/posts"}],"about":[{"href":"http:\/\/enteculturalsantafesino.com.ar\/usina3\/wp-json\/wp\/v2\/types\/post"}],"author":[{"embeddable":true,"href":"http:\/\/enteculturalsantafesino.com.ar\/usina3\/wp-json\/wp\/v2\/users\/3"}],"replies":[{"embeddable":true,"href":"http:\/\/enteculturalsantafesino.com.ar\/usina3\/wp-json\/wp\/v2\/comments?post=15007"}],"version-history":[{"count":1,"href":"http:\/\/enteculturalsantafesino.com.ar\/usina3\/wp-json\/wp\/v2\/posts\/15007\/revisions"}],"predecessor-version":[{"id":15009,"href":"http:\/\/enteculturalsantafesino.com.ar\/usina3\/wp-json\/wp\/v2\/posts\/15007\/revisions\/15009"}],"wp:featuredmedia":[{"embeddable":true,"href":"http:\/\/enteculturalsantafesino.com.ar\/usina3\/wp-json\/wp\/v2\/media\/15008"}],"wp:attachment":[{"href":"http:\/\/enteculturalsantafesino.com.ar\/usina3\/wp-json\/wp\/v2\/media?parent=15007"}],"wp:term":[{"taxonomy":"category","embeddable":true,"href":"http:\/\/enteculturalsantafesino.com.ar\/usina3\/wp-json\/wp\/v2\/categories?post=15007"},{"taxonomy":"post_tag","embeddable":true,"href":"http:\/\/enteculturalsantafesino.com.ar\/usina3\/wp-json\/wp\/v2\/tags?post=15007"}],"curies":[{"name":"wp","href":"https:\/\/api.w.org\/{rel}","templated":true}]}}