{"id":15014,"date":"2024-03-03T12:54:17","date_gmt":"2024-03-03T12:54:17","guid":{"rendered":"http:\/\/enteculturalsantafesino.com.ar\/usina3\/?p=15014"},"modified":"2024-03-03T12:55:47","modified_gmt":"2024-03-03T12:55:47","slug":"franco-de-cristofano-es-el-nuevo-presidente-del-ente-cultural-santafesino","status":"publish","type":"post","link":"http:\/\/enteculturalsantafesino.com.ar\/usina3\/2024\/03\/franco-de-cristofano-es-el-nuevo-presidente-del-ente-cultural-santafesino\/","title":{"rendered":"Franco De Crist\u00f3fano es el nuevo Presidente del Ente Cultural Santafesino."},"content":{"rendered":"\n<p>El referente cultural de la ciudad de Arroyo Seco reemplazar\u00e1 a<strong>&nbsp;Claudio Pellegrini (Villa Elo\u00edsa)<\/strong>.<\/p>\n\n\n\n<p><strong>Franco De Crist\u00f3fano\u00a0<\/strong>fue elegido como nuevo presidente del\u00a0<strong>Ente Cultural Santafesino<\/strong>\u00a0para todo el 2024. De esta manera, el referente cultural de la Usina III, reemplazar\u00e1 a\u00a0<strong>Claudio Pellegrini<\/strong><\/p>\n\n\n\n<p>El \u00faltimo jueves por la tarde en la comunidad de <strong>Pueblo Andino<\/strong> se realiz\u00f3 la \u201creuni\u00f3n preparatoria\u201d, con la presencia del\u00a0<strong>\u201cEquipo Directivo 2024\u201d<\/strong>, el cual representa a las distintas Usinas Culturales. Asimismo, se design\u00f3 la nueva conducci\u00f3n del espacio al referente cultural de la localidad del Departamento Rosario.<\/p>\n\n\n\n<p>Adem\u00e1s, se proyectaron los distintos lineamientos y objetivos para el desarrollo del<strong>&nbsp;\u201cPlan Anual 2024\u201d,<\/strong>&nbsp;enfocado en la promoci\u00f3n de acciones y programas culturales que forman parte de este espacio santafesino, pluralista y participativo.<\/p>\n\n\n\n<p><strong>De Crist\u00f3fano<\/strong> agradeci\u00f3 esta designaci\u00f3n, como as\u00ed tambi\u00e9n manifest\u00f3 su alegr\u00eda por esta oportunidad que le brindan sus pares.\u00a0<em>\u00abDesde el a\u00f1o 2015 formo parte de este espacio concertando diversas propuestas no solo en mi ciudad, sino tambi\u00e9n a nivel regional y provincial\u201d. \u00abEn lo personal es un honor presidir al Ente Cultural Santafesino, el cual sigue creciendo a\u00f1o tras a\u00f1o\u201d.<\/em><\/p>\n\n\n\n<p><em>\u00abEstos tiempos son muy dif\u00edciles pero sin lugar a dudas esta construcci\u00f3n nos permite estar cerca ampli\u00e1ndonos, no solo en suelo santafesino sino tambi\u00e9n con nuestros pares cordobeses\u201d<\/em><\/p>\n\n\n\n<p><em>Un agradecimiento especial a su responsable Claudia Giaccone quien sigue sosteniendo este faro cultural, el cual posibilita pol\u00edticas y acciones culturales concretas y reales\u201d.<\/em><\/p>\n","protected":false},"excerpt":{"rendered":"<p>El referente cultural de la ciudad de Arroyo Seco reemplazar\u00e1 a&nbsp;Claudio Pellegrini (Villa Elo\u00edsa). Franco De Crist\u00f3fano\u00a0fue [&hellip;]<\/p>\n","protected":false},"author":3,"featured_media":15015,"comment_status":"open","ping_status":"open","sticky":false,"template":"","format":"standard","meta":{"_jetpack_memberships_contains_paid_content":false,"footnotes":"","jetpack_publicize_message":"","jetpack_publicize_feature_enabled":true,"jetpack_social_post_already_shared":true,"jetpack_social_options":{"image_generator_settings":{"template":"highway","enabled":false}}},"categories":[19,4],"tags":[],"jetpack_publicize_connections":[],"jetpack_featured_media_url":"http:\/\/enteculturalsantafesino.com.ar\/usina3\/wp-content\/uploads\/2024\/03\/ed106724-e0d5-4e05-8c86-7443b3adb372-e1709470536260.jpg","jetpack_sharing_enabled":true,"_links":{"self":[{"href":"http:\/\/enteculturalsantafesino.com.ar\/usina3\/wp-json\/wp\/v2\/posts\/15014"}],"collection":[{"href":"http:\/\/enteculturalsantafesino.com.ar\/usina3\/wp-json\/wp\/v2\/posts"}],"about":[{"href":"http:\/\/enteculturalsantafesino.com.ar\/usina3\/wp-json\/wp\/v2\/types\/post"}],"author":[{"embeddable":true,"href":"http:\/\/enteculturalsantafesino.com.ar\/usina3\/wp-json\/wp\/v2\/users\/3"}],"replies":[{"embeddable":true,"href":"http:\/\/enteculturalsantafesino.com.ar\/usina3\/wp-json\/wp\/v2\/comments?post=15014"}],"version-history":[{"count":1,"href":"http:\/\/enteculturalsantafesino.com.ar\/usina3\/wp-json\/wp\/v2\/posts\/15014\/revisions"}],"predecessor-version":[{"id":15016,"href":"http:\/\/enteculturalsantafesino.com.ar\/usina3\/wp-json\/wp\/v2\/posts\/15014\/revisions\/15016"}],"wp:featuredmedia":[{"embeddable":true,"href":"http:\/\/enteculturalsantafesino.com.ar\/usina3\/wp-json\/wp\/v2\/media\/15015"}],"wp:attachment":[{"href":"http:\/\/enteculturalsantafesino.com.ar\/usina3\/wp-json\/wp\/v2\/media?parent=15014"}],"wp:term":[{"taxonomy":"category","embeddable":true,"href":"http:\/\/enteculturalsantafesino.com.ar\/usina3\/wp-json\/wp\/v2\/categories?post=15014"},{"taxonomy":"post_tag","embeddable":true,"href":"http:\/\/enteculturalsantafesino.com.ar\/usina3\/wp-json\/wp\/v2\/tags?post=15014"}],"curies":[{"name":"wp","href":"https:\/\/api.w.org\/{rel}","templated":true}]}}