{"id":15031,"date":"2024-03-16T14:28:26","date_gmt":"2024-03-16T14:28:26","guid":{"rendered":"http:\/\/enteculturalsantafesino.com.ar\/usina3\/?p=15031"},"modified":"2024-03-16T14:28:30","modified_gmt":"2024-03-16T14:28:30","slug":"en-santa-isabel-el-8m-fue-de-local","status":"publish","type":"post","link":"http:\/\/enteculturalsantafesino.com.ar\/usina3\/2024\/03\/en-santa-isabel-el-8m-fue-de-local\/","title":{"rendered":"En Santa Isabel el 8M fue de local"},"content":{"rendered":"\n<p>Luego de la postergaci\u00f3n por mal tiempo, se llev\u00f3 a cabo en el Complejo Cultural Centenario del acto de Reconocimiento a Mujeres Trabajadoras de Santa Isabel.<\/p>\n\n\n\n<p>Es as\u00ed que desde el \u00c1rea Mujeres, G\u00e9neros e Igualdad convoc\u00f3 a cada instituci\u00f3n para que elija una mujer que se haya destacado en la vida institucional, visibilizando su rol preponderante en el \u00e1mbito social y laboral.<\/p>\n\n\n\n<p>Fue muy importante conocerlas y reconocerlas&#8230; mujeres de Santa Isabel que dejan huellas en la vida cotidiana de nuestra comunidad!<\/p>\n\n\n\n<p>Gracias a las m\u00e1s de 20 organizaciones que dijeron presente, gracias artistas por su compromiso y esmero. IGUALDAD como objetivo, TRABAJO COMUN como medio.<\/p>\n\n\n\n<figure class=\"wp-block-embed-youtube wp-block-embed is-type-video is-provider-youtube wp-embed-aspect-4-3 wp-has-aspect-ratio\"><div class=\"wp-block-embed__wrapper\">\n<iframe loading=\"lazy\" title=\"8M de local 2024\" width=\"1016\" height=\"762\" src=\"https:\/\/www.youtube.com\/embed\/rTnBsRSOQF0?feature=oembed\" frameborder=\"0\" allow=\"accelerometer; autoplay; clipboard-write; encrypted-media; gyroscope; picture-in-picture; web-share\" allowfullscreen><\/iframe>\n<\/div><\/figure>\n","protected":false},"excerpt":{"rendered":"<p>Luego de la postergaci\u00f3n por mal tiempo, se llev\u00f3 a cabo en el Complejo Cultural Centenario del [&hellip;]<\/p>\n","protected":false},"author":3,"featured_media":15032,"comment_status":"open","ping_status":"open","sticky":false,"template":"","format":"standard","meta":{"_jetpack_memberships_contains_paid_content":false,"footnotes":"","jetpack_publicize_message":"","jetpack_publicize_feature_enabled":true,"jetpack_social_post_already_shared":true,"jetpack_social_options":{"image_generator_settings":{"template":"highway","enabled":false}}},"categories":[3],"tags":[],"jetpack_publicize_connections":[],"jetpack_featured_media_url":"http:\/\/enteculturalsantafesino.com.ar\/usina3\/wp-content\/uploads\/2024\/03\/431243736_840199678151482_2229002508340013148_n.jpg","jetpack_sharing_enabled":true,"_links":{"self":[{"href":"http:\/\/enteculturalsantafesino.com.ar\/usina3\/wp-json\/wp\/v2\/posts\/15031"}],"collection":[{"href":"http:\/\/enteculturalsantafesino.com.ar\/usina3\/wp-json\/wp\/v2\/posts"}],"about":[{"href":"http:\/\/enteculturalsantafesino.com.ar\/usina3\/wp-json\/wp\/v2\/types\/post"}],"author":[{"embeddable":true,"href":"http:\/\/enteculturalsantafesino.com.ar\/usina3\/wp-json\/wp\/v2\/users\/3"}],"replies":[{"embeddable":true,"href":"http:\/\/enteculturalsantafesino.com.ar\/usina3\/wp-json\/wp\/v2\/comments?post=15031"}],"version-history":[{"count":1,"href":"http:\/\/enteculturalsantafesino.com.ar\/usina3\/wp-json\/wp\/v2\/posts\/15031\/revisions"}],"predecessor-version":[{"id":15033,"href":"http:\/\/enteculturalsantafesino.com.ar\/usina3\/wp-json\/wp\/v2\/posts\/15031\/revisions\/15033"}],"wp:featuredmedia":[{"embeddable":true,"href":"http:\/\/enteculturalsantafesino.com.ar\/usina3\/wp-json\/wp\/v2\/media\/15032"}],"wp:attachment":[{"href":"http:\/\/enteculturalsantafesino.com.ar\/usina3\/wp-json\/wp\/v2\/media?parent=15031"}],"wp:term":[{"taxonomy":"category","embeddable":true,"href":"http:\/\/enteculturalsantafesino.com.ar\/usina3\/wp-json\/wp\/v2\/categories?post=15031"},{"taxonomy":"post_tag","embeddable":true,"href":"http:\/\/enteculturalsantafesino.com.ar\/usina3\/wp-json\/wp\/v2\/tags?post=15031"}],"curies":[{"name":"wp","href":"https:\/\/api.w.org\/{rel}","templated":true}]}}