{"id":15077,"date":"2024-05-10T22:45:53","date_gmt":"2024-05-10T22:45:53","guid":{"rendered":"http:\/\/enteculturalsantafesino.com.ar\/usina3\/?p=15077"},"modified":"2024-05-10T22:45:55","modified_gmt":"2024-05-10T22:45:55","slug":"se-inauguro-en-villa-canas-la-muestra-de-arte-de-aves-migratorias","status":"publish","type":"post","link":"http:\/\/enteculturalsantafesino.com.ar\/usina3\/2024\/05\/se-inauguro-en-villa-canas-la-muestra-de-arte-de-aves-migratorias\/","title":{"rendered":"Se inaugur\u00f3 en Villa Ca\u00f1as la muestra de arte de Aves migratorias"},"content":{"rendered":"\n<p>Se inaugur\u00f3 ayer la exposici\u00f3n de dibujos y fotos de aves migratorias de nuestra zona, organizada por la Direcci\u00f3n de Cultura y Educaci\u00f3n de la Municipalidad.\u2800<\/p>\n\n\n\n<p>Tambi\u00e9n se expusieron obras de Javier Capobianco, artista pl\u00e1stico de Venado Tuerto, quien trabaja sobre la flora y la fauna de una forma surrealista. \u2800<\/p>\n\n\n\n<p>Adem\u00e1s, se incorporaron a la muestra esculturas, objetos de artes y mosaiquismo que aportaron artistas ca\u00f1ase\u00f1os.<\/p>\n\n\n\n<p>\u2800La m\u00fasica form\u00f3 parte de este evento con la actuaci\u00f3n de Fernando Guazzaroni y Melina Guillaumet, quienes interpretaron los temas \u201cEl tiempo est\u00e1 despu\u00e9s\u201d y \u201cLa Niebla\u201d.\u2800<\/p>\n\n\n\n<p>Muchas gracias a todos los artistas de nuestra ciudad ni\u00f1os, j\u00f3venes y adultos que se sumaron a esta movida cultural, a Javier Capobianco, y a Fernando y Melina por su m\u00fasica. <\/p>\n\n\n\n<p>La muestra permanecer\u00e1 durante tres semanas en el Centro Cultural. Aquellos vecinos que quieran visitarla y apreciar las obras podr\u00e1n acercarse de lunes a viernes, de 7 a 13 horas.<\/p>\n","protected":false},"excerpt":{"rendered":"<p>Se inaugur\u00f3 ayer la exposici\u00f3n de dibujos y fotos de aves migratorias de nuestra zona, organizada por [&hellip;]<\/p>\n","protected":false},"author":3,"featured_media":15078,"comment_status":"open","ping_status":"open","sticky":false,"template":"","format":"standard","meta":{"_jetpack_memberships_contains_paid_content":false,"footnotes":"","jetpack_publicize_message":"","jetpack_publicize_feature_enabled":true,"jetpack_social_post_already_shared":true,"jetpack_social_options":{"image_generator_settings":{"template":"highway","enabled":false}}},"categories":[59],"tags":[],"jetpack_publicize_connections":[],"jetpack_featured_media_url":"http:\/\/enteculturalsantafesino.com.ar\/usina3\/wp-content\/uploads\/2024\/05\/442387040_863304615837641_4930602148764404564_n.jpg","jetpack_sharing_enabled":true,"_links":{"self":[{"href":"http:\/\/enteculturalsantafesino.com.ar\/usina3\/wp-json\/wp\/v2\/posts\/15077"}],"collection":[{"href":"http:\/\/enteculturalsantafesino.com.ar\/usina3\/wp-json\/wp\/v2\/posts"}],"about":[{"href":"http:\/\/enteculturalsantafesino.com.ar\/usina3\/wp-json\/wp\/v2\/types\/post"}],"author":[{"embeddable":true,"href":"http:\/\/enteculturalsantafesino.com.ar\/usina3\/wp-json\/wp\/v2\/users\/3"}],"replies":[{"embeddable":true,"href":"http:\/\/enteculturalsantafesino.com.ar\/usina3\/wp-json\/wp\/v2\/comments?post=15077"}],"version-history":[{"count":1,"href":"http:\/\/enteculturalsantafesino.com.ar\/usina3\/wp-json\/wp\/v2\/posts\/15077\/revisions"}],"predecessor-version":[{"id":15079,"href":"http:\/\/enteculturalsantafesino.com.ar\/usina3\/wp-json\/wp\/v2\/posts\/15077\/revisions\/15079"}],"wp:featuredmedia":[{"embeddable":true,"href":"http:\/\/enteculturalsantafesino.com.ar\/usina3\/wp-json\/wp\/v2\/media\/15078"}],"wp:attachment":[{"href":"http:\/\/enteculturalsantafesino.com.ar\/usina3\/wp-json\/wp\/v2\/media?parent=15077"}],"wp:term":[{"taxonomy":"category","embeddable":true,"href":"http:\/\/enteculturalsantafesino.com.ar\/usina3\/wp-json\/wp\/v2\/categories?post=15077"},{"taxonomy":"post_tag","embeddable":true,"href":"http:\/\/enteculturalsantafesino.com.ar\/usina3\/wp-json\/wp\/v2\/tags?post=15077"}],"curies":[{"name":"wp","href":"https:\/\/api.w.org\/{rel}","templated":true}]}}