{"id":15245,"date":"2024-07-02T13:25:32","date_gmt":"2024-07-02T13:25:32","guid":{"rendered":"http:\/\/enteculturalsantafesino.com.ar\/usina3\/?p=15245"},"modified":"2024-07-02T13:25:36","modified_gmt":"2024-07-02T13:25:36","slug":"pavon-tuvo-su-torneo-de-bolitas","status":"publish","type":"post","link":"http:\/\/enteculturalsantafesino.com.ar\/usina3\/2024\/07\/pavon-tuvo-su-torneo-de-bolitas\/","title":{"rendered":"Pav\u00f3n tuvo su \u00abTorneo de Bolitas\u00bb"},"content":{"rendered":"\n<p>El d\u00eda\u00a0<strong>s\u00e1bado 29 de junio<\/strong>\u00a0se realiz\u00f3 en la comunidad del dpto Constituci\u00f3n la instancia local del\u00a0<strong>\u00abTorneo Provincial de Bolitas\u00bb\u00a0<\/strong>organizado por el\u00a0<strong>Ente Cultural Santafesino\u00a0<\/strong>y coordinado por la\u00a0<strong>Comuna de Pav\u00f3n<\/strong><\/p>\n\n\n\n<p>El mismo present\u00f3 4 categor\u00edas:<br>Categor\u00eda \u201cA\u201d de 8 a 12 a\u00f1os; Categor\u00eda \u201cB\u201d de 13 a 15 a\u00f1os; Categor\u00eda \u201cC\u201d de 16 a 30 a\u00f1os; y Categor\u00eda \u201cD\u201d de 31 en adelante.\u00a0<\/p>\n\n\n\n<p><strong><em>Categor\u00eda A: Juan David Bilicich<br>Categor\u00eda B: Samir Ferreira<br>Categor\u00eda C: \u00c1ngel Mu\u00f1oz<br>Categor\u00eda D: V\u00edctor G\u00f3mez<\/em><\/strong><\/p>\n\n\n\n<p>El certamen cuenta con competencias locales, luego regionales y la gran final con los finalistas provinciales.<\/p>\n\n\n\n<p><strong>El Presidente del Ente Cultural Santafesino \u2013 Franco De Crist\u00f3fano&nbsp;<\/strong>dijo que \u00ab<em>estos torneos ya son un c\u00e1sico dentro del trabajo articulado que lleva el Ente Cultural Santafesino, constituyen una experiencia conmovedora, un encuentro de norte a sur y de este a oeste de la provincia, convocando a ni\u00f1os, j\u00f3venes y adultos a un juego que remite a la nostalgia, pero que tambi\u00e9n nos permite resaltar la cultura del esfuerzo y la producci\u00f3n que tenemos los santafesinos\u00bb<\/em>.<\/p>\n","protected":false},"excerpt":{"rendered":"<p>El d\u00eda\u00a0s\u00e1bado 29 de junio\u00a0se realiz\u00f3 en la comunidad del dpto Constituci\u00f3n la instancia local del\u00a0\u00abTorneo Provincial [&hellip;]<\/p>\n","protected":false},"author":3,"featured_media":15246,"comment_status":"open","ping_status":"open","sticky":false,"template":"","format":"standard","meta":{"_jetpack_memberships_contains_paid_content":false,"footnotes":"","jetpack_publicize_message":"","jetpack_publicize_feature_enabled":true,"jetpack_social_post_already_shared":true,"jetpack_social_options":{"image_generator_settings":{"template":"highway","enabled":false}}},"categories":[4,47],"tags":[],"jetpack_publicize_connections":[],"jetpack_featured_media_url":"http:\/\/enteculturalsantafesino.com.ar\/usina3\/wp-content\/uploads\/2024\/07\/WhatsApp-Image-2024-07-01-at-09.02.17-2.jpeg","jetpack_sharing_enabled":true,"_links":{"self":[{"href":"http:\/\/enteculturalsantafesino.com.ar\/usina3\/wp-json\/wp\/v2\/posts\/15245"}],"collection":[{"href":"http:\/\/enteculturalsantafesino.com.ar\/usina3\/wp-json\/wp\/v2\/posts"}],"about":[{"href":"http:\/\/enteculturalsantafesino.com.ar\/usina3\/wp-json\/wp\/v2\/types\/post"}],"author":[{"embeddable":true,"href":"http:\/\/enteculturalsantafesino.com.ar\/usina3\/wp-json\/wp\/v2\/users\/3"}],"replies":[{"embeddable":true,"href":"http:\/\/enteculturalsantafesino.com.ar\/usina3\/wp-json\/wp\/v2\/comments?post=15245"}],"version-history":[{"count":1,"href":"http:\/\/enteculturalsantafesino.com.ar\/usina3\/wp-json\/wp\/v2\/posts\/15245\/revisions"}],"predecessor-version":[{"id":15247,"href":"http:\/\/enteculturalsantafesino.com.ar\/usina3\/wp-json\/wp\/v2\/posts\/15245\/revisions\/15247"}],"wp:featuredmedia":[{"embeddable":true,"href":"http:\/\/enteculturalsantafesino.com.ar\/usina3\/wp-json\/wp\/v2\/media\/15246"}],"wp:attachment":[{"href":"http:\/\/enteculturalsantafesino.com.ar\/usina3\/wp-json\/wp\/v2\/media?parent=15245"}],"wp:term":[{"taxonomy":"category","embeddable":true,"href":"http:\/\/enteculturalsantafesino.com.ar\/usina3\/wp-json\/wp\/v2\/categories?post=15245"},{"taxonomy":"post_tag","embeddable":true,"href":"http:\/\/enteculturalsantafesino.com.ar\/usina3\/wp-json\/wp\/v2\/tags?post=15245"}],"curies":[{"name":"wp","href":"https:\/\/api.w.org\/{rel}","templated":true}]}}