{"id":15250,"date":"2024-07-10T01:44:37","date_gmt":"2024-07-10T01:44:37","guid":{"rendered":"http:\/\/enteculturalsantafesino.com.ar\/usina3\/?p=15250"},"modified":"2024-07-10T01:44:40","modified_gmt":"2024-07-10T01:44:40","slug":"con-gran-exito-se-jugo-en-perez-el-torneo-provincial-de-bolitas","status":"publish","type":"post","link":"http:\/\/enteculturalsantafesino.com.ar\/usina3\/2024\/07\/con-gran-exito-se-jugo-en-perez-el-torneo-provincial-de-bolitas\/","title":{"rendered":"Con gran \u00e9xito se jug\u00f3 en P\u00e9rez el \u00abTorneo Provincial de Bolitas\u00bb"},"content":{"rendered":"\n<p>El <strong>\u00abTorneo Provincial de Bolitas\u00bb<\/strong> se jug\u00f3 en la ciudad de<strong> P\u00e9rez<\/strong> con la participaci\u00f3n de cientos de ni\u00f1as, ni\u00f1os, adolescentes y adultos dejando establecidas canchas de bolitas en cada plaza de los barrios de la ciudad.<\/p>\n\n\n\n<p>La instancia final se llev\u00f3 a cabo este<strong> jueves 4 de julio<\/strong> presentando diferentes categor\u00edas. <\/p>\n\n\n\n<p><strong>Los ganadores fueron: <\/strong><\/p>\n\n\n\n<p><strong>Categor\u00eda \u201cA\u201d<\/strong> de 8 a 12 a\u00f1os Sim\u00f3n Ledesma <strong>Categor\u00eda \u201cB\u201d<\/strong> de 13 a 15 a\u00f1os Tom\u00e1s Ruiz <strong>Categor\u00eda \u201cC\u201d <\/strong>de 16 a 30 a\u00f1os Gast\u00f3n Santill\u00e1n <strong>Categor\u00eda \u201cD\u201d <\/strong>de 31 en adelante Luis Correa<\/p>\n","protected":false},"excerpt":{"rendered":"<p>El \u00abTorneo Provincial de Bolitas\u00bb se jug\u00f3 en la ciudad de P\u00e9rez con la participaci\u00f3n de cientos [&hellip;]<\/p>\n","protected":false},"author":3,"featured_media":15251,"comment_status":"open","ping_status":"open","sticky":false,"template":"","format":"standard","meta":{"_jetpack_memberships_contains_paid_content":false,"footnotes":"","jetpack_publicize_message":"","jetpack_publicize_feature_enabled":true,"jetpack_social_post_already_shared":true,"jetpack_social_options":{"image_generator_settings":{"template":"highway","enabled":false}}},"categories":[4,36],"tags":[],"jetpack_publicize_connections":[],"jetpack_featured_media_url":"http:\/\/enteculturalsantafesino.com.ar\/usina3\/wp-content\/uploads\/2024\/07\/WhatsApp-Image-2024-07-09-at-14.12.33-1.jpeg","jetpack_sharing_enabled":true,"_links":{"self":[{"href":"http:\/\/enteculturalsantafesino.com.ar\/usina3\/wp-json\/wp\/v2\/posts\/15250"}],"collection":[{"href":"http:\/\/enteculturalsantafesino.com.ar\/usina3\/wp-json\/wp\/v2\/posts"}],"about":[{"href":"http:\/\/enteculturalsantafesino.com.ar\/usina3\/wp-json\/wp\/v2\/types\/post"}],"author":[{"embeddable":true,"href":"http:\/\/enteculturalsantafesino.com.ar\/usina3\/wp-json\/wp\/v2\/users\/3"}],"replies":[{"embeddable":true,"href":"http:\/\/enteculturalsantafesino.com.ar\/usina3\/wp-json\/wp\/v2\/comments?post=15250"}],"version-history":[{"count":1,"href":"http:\/\/enteculturalsantafesino.com.ar\/usina3\/wp-json\/wp\/v2\/posts\/15250\/revisions"}],"predecessor-version":[{"id":15252,"href":"http:\/\/enteculturalsantafesino.com.ar\/usina3\/wp-json\/wp\/v2\/posts\/15250\/revisions\/15252"}],"wp:featuredmedia":[{"embeddable":true,"href":"http:\/\/enteculturalsantafesino.com.ar\/usina3\/wp-json\/wp\/v2\/media\/15251"}],"wp:attachment":[{"href":"http:\/\/enteculturalsantafesino.com.ar\/usina3\/wp-json\/wp\/v2\/media?parent=15250"}],"wp:term":[{"taxonomy":"category","embeddable":true,"href":"http:\/\/enteculturalsantafesino.com.ar\/usina3\/wp-json\/wp\/v2\/categories?post=15250"},{"taxonomy":"post_tag","embeddable":true,"href":"http:\/\/enteculturalsantafesino.com.ar\/usina3\/wp-json\/wp\/v2\/tags?post=15250"}],"curies":[{"name":"wp","href":"https:\/\/api.w.org\/{rel}","templated":true}]}}