{"id":15253,"date":"2024-07-13T18:46:26","date_gmt":"2024-07-13T18:46:26","guid":{"rendered":"http:\/\/enteculturalsantafesino.com.ar\/usina3\/?p=15253"},"modified":"2024-07-13T18:46:29","modified_gmt":"2024-07-13T18:46:29","slug":"muestra-de-arte-sobre-paisajes-caminos-y-pachamama-en-villa-canas","status":"publish","type":"post","link":"http:\/\/enteculturalsantafesino.com.ar\/usina3\/2024\/07\/muestra-de-arte-sobre-paisajes-caminos-y-pachamama-en-villa-canas\/","title":{"rendered":"Muestra de Arte sobre paisajes, caminos y Pachamama en Villa Ca\u00f1as"},"content":{"rendered":"\n<p>Se inaugur\u00f3 ayer una exposici\u00f3n de obras de arte relacionada a paisajes, caminos y Pachamama, organizada por la Direcci\u00f3n de Cultura de la Municipalidad.\u2800<\/p>\n\n\n\n<p>Artistas de nuestra ciudad participaron de esta propuesta cultural con dibujos y fotos. Adem\u00e1s, tuvimos la visita de Laura Escandelaria, quien se sum\u00f3 con sus pinturas, cuadros y colores.\u2800<\/p>\n\n\n\n<p>La danza tambi\u00e9n form\u00f3 parte de este evento con la actuaci\u00f3n de Yolanda Lezcano, Nelly Hern\u00e1ndez, Adolfo Pereyra y Dar\u00edo Pranzetti.\u2800<\/p>\n\n\n\n<p>La muestra permanecer\u00e1 durante tres semanas en el Centro Cultural. Aquellos vecinos que quieran visitarla y apreciar las obras podr\u00e1n acercarse de lunes a viernes, de 8 a 13 horas.<\/p>\n","protected":false},"excerpt":{"rendered":"<p>Se inaugur\u00f3 ayer una exposici\u00f3n de obras de arte relacionada a paisajes, caminos y Pachamama, organizada por [&hellip;]<\/p>\n","protected":false},"author":3,"featured_media":15254,"comment_status":"open","ping_status":"open","sticky":false,"template":"","format":"standard","meta":{"_jetpack_memberships_contains_paid_content":false,"footnotes":"","jetpack_publicize_message":"","jetpack_publicize_feature_enabled":true,"jetpack_social_post_already_shared":true,"jetpack_social_options":{"image_generator_settings":{"template":"highway","enabled":false}}},"categories":[59],"tags":[],"jetpack_publicize_connections":[],"jetpack_featured_media_url":"http:\/\/enteculturalsantafesino.com.ar\/usina3\/wp-content\/uploads\/2024\/07\/450840552_904598211708281_6730255723372620308_n.jpg","jetpack_sharing_enabled":true,"_links":{"self":[{"href":"http:\/\/enteculturalsantafesino.com.ar\/usina3\/wp-json\/wp\/v2\/posts\/15253"}],"collection":[{"href":"http:\/\/enteculturalsantafesino.com.ar\/usina3\/wp-json\/wp\/v2\/posts"}],"about":[{"href":"http:\/\/enteculturalsantafesino.com.ar\/usina3\/wp-json\/wp\/v2\/types\/post"}],"author":[{"embeddable":true,"href":"http:\/\/enteculturalsantafesino.com.ar\/usina3\/wp-json\/wp\/v2\/users\/3"}],"replies":[{"embeddable":true,"href":"http:\/\/enteculturalsantafesino.com.ar\/usina3\/wp-json\/wp\/v2\/comments?post=15253"}],"version-history":[{"count":1,"href":"http:\/\/enteculturalsantafesino.com.ar\/usina3\/wp-json\/wp\/v2\/posts\/15253\/revisions"}],"predecessor-version":[{"id":15255,"href":"http:\/\/enteculturalsantafesino.com.ar\/usina3\/wp-json\/wp\/v2\/posts\/15253\/revisions\/15255"}],"wp:featuredmedia":[{"embeddable":true,"href":"http:\/\/enteculturalsantafesino.com.ar\/usina3\/wp-json\/wp\/v2\/media\/15254"}],"wp:attachment":[{"href":"http:\/\/enteculturalsantafesino.com.ar\/usina3\/wp-json\/wp\/v2\/media?parent=15253"}],"wp:term":[{"taxonomy":"category","embeddable":true,"href":"http:\/\/enteculturalsantafesino.com.ar\/usina3\/wp-json\/wp\/v2\/categories?post=15253"},{"taxonomy":"post_tag","embeddable":true,"href":"http:\/\/enteculturalsantafesino.com.ar\/usina3\/wp-json\/wp\/v2\/tags?post=15253"}],"curies":[{"name":"wp","href":"https:\/\/api.w.org\/{rel}","templated":true}]}}