{"id":15279,"date":"2024-08-20T13:22:04","date_gmt":"2024-08-20T13:22:04","guid":{"rendered":"http:\/\/enteculturalsantafesino.com.ar\/usina3\/?p=15279"},"modified":"2024-08-20T13:22:07","modified_gmt":"2024-08-20T13:22:07","slug":"carmen-fue-sede-de-la-reunion-de-trabajo-de-la-usina-iii-sur","status":"publish","type":"post","link":"http:\/\/enteculturalsantafesino.com.ar\/usina3\/2024\/08\/carmen-fue-sede-de-la-reunion-de-trabajo-de-la-usina-iii-sur\/","title":{"rendered":"Carmen fue sede de la reuni\u00f3n de trabajo de la Usina III (sur)"},"content":{"rendered":"\n<p>En la comunidad perteneciente al dpto General L\u00f3pez se realiz\u00f3 durante la tarde del\u00a0<strong>lunes 19 de agosto<\/strong>, una nueva reuni\u00f3n de la\u00a0<strong>Usina Cultural III (sur)<\/strong> en la sede de la Biblioteca P. Domingo F. Sarmiento<\/p>\n\n\n\n<p>La misma cont\u00f3 con la presencia de los\u00a0<strong>Directores de la Usina III Cecilia De Francesco y el Prof. Ernesto Sunde<\/strong> junto a integrantes de la comisi\u00f3n directiva de la <strong>Biblioteca D. F. Sarmiento<\/strong> y los representantes culturales de las comunidades que integran  dicha zona cultural.<\/p>\n\n\n\n<p>El temario abordado para este segundo encuentro fue el seguimiento y control de los distintos programas establecidos en el Plan 2024:\u00a0<strong>\u00abClave de Cuento\u00bb, \u00abDe Pueblo en Pueblo\u00bb, \u00abHacelo Corto\u00bb y \u00abOjos de Santa Fe\u00bb<\/strong>. Adem\u00e1s se inform\u00f3 sobre los detalles del programa\u00a0<strong>\u00abAbanderados\u00bb \u00abJaaukanigas\u00bb<\/strong>\u00a0y la fecha de la fina del <strong>\u00abTorneo Provincial de Bolitas\u00bb<\/strong><\/p>\n\n\n\n<p>La\u00a0<strong>Usina Cultural III (sur)\u00a0<\/strong>se encuentra integrada por:\u00a0<em><em>Villada,  Berabev\u00fa, G\u00f6deken, Ca\u00f1ada del Ucle, Los Molinos, Arequito, Santa Isabel, Mar\u00eda Teresa, Melincu\u00e9, Labordeboy, Teodelina, Hug\u00fces, Carmen, Chabas, Villa Ca\u00f1as y Wheelwright<\/em><\/em><\/p>\n","protected":false},"excerpt":{"rendered":"<p>En la comunidad perteneciente al dpto General L\u00f3pez se realiz\u00f3 durante la tarde del\u00a0lunes 19 de agosto, [&hellip;]<\/p>\n","protected":false},"author":3,"featured_media":15280,"comment_status":"open","ping_status":"open","sticky":false,"template":"","format":"standard","meta":{"_jetpack_memberships_contains_paid_content":false,"footnotes":"","jetpack_publicize_message":"","jetpack_publicize_feature_enabled":true,"jetpack_social_post_already_shared":true,"jetpack_social_options":{"image_generator_settings":{"template":"highway","enabled":false}}},"categories":[61,4],"tags":[],"jetpack_publicize_connections":[],"jetpack_featured_media_url":"http:\/\/enteculturalsantafesino.com.ar\/usina3\/wp-content\/uploads\/2024\/08\/WhatsApp-Image-2024-08-20-at-10.19.24.jpeg","jetpack_sharing_enabled":true,"_links":{"self":[{"href":"http:\/\/enteculturalsantafesino.com.ar\/usina3\/wp-json\/wp\/v2\/posts\/15279"}],"collection":[{"href":"http:\/\/enteculturalsantafesino.com.ar\/usina3\/wp-json\/wp\/v2\/posts"}],"about":[{"href":"http:\/\/enteculturalsantafesino.com.ar\/usina3\/wp-json\/wp\/v2\/types\/post"}],"author":[{"embeddable":true,"href":"http:\/\/enteculturalsantafesino.com.ar\/usina3\/wp-json\/wp\/v2\/users\/3"}],"replies":[{"embeddable":true,"href":"http:\/\/enteculturalsantafesino.com.ar\/usina3\/wp-json\/wp\/v2\/comments?post=15279"}],"version-history":[{"count":1,"href":"http:\/\/enteculturalsantafesino.com.ar\/usina3\/wp-json\/wp\/v2\/posts\/15279\/revisions"}],"predecessor-version":[{"id":15281,"href":"http:\/\/enteculturalsantafesino.com.ar\/usina3\/wp-json\/wp\/v2\/posts\/15279\/revisions\/15281"}],"wp:featuredmedia":[{"embeddable":true,"href":"http:\/\/enteculturalsantafesino.com.ar\/usina3\/wp-json\/wp\/v2\/media\/15280"}],"wp:attachment":[{"href":"http:\/\/enteculturalsantafesino.com.ar\/usina3\/wp-json\/wp\/v2\/media?parent=15279"}],"wp:term":[{"taxonomy":"category","embeddable":true,"href":"http:\/\/enteculturalsantafesino.com.ar\/usina3\/wp-json\/wp\/v2\/categories?post=15279"},{"taxonomy":"post_tag","embeddable":true,"href":"http:\/\/enteculturalsantafesino.com.ar\/usina3\/wp-json\/wp\/v2\/tags?post=15279"}],"curies":[{"name":"wp","href":"https:\/\/api.w.org\/{rel}","templated":true}]}}