{"id":15285,"date":"2024-08-26T03:39:58","date_gmt":"2024-08-26T03:39:58","guid":{"rendered":"http:\/\/enteculturalsantafesino.com.ar\/usina3\/?p=15285"},"modified":"2024-08-26T03:40:02","modified_gmt":"2024-08-26T03:40:02","slug":"maria-teresa-fue-sede-regional-del-torneo-provincial-de-bolitas-de-la-usina-iii-sur","status":"publish","type":"post","link":"http:\/\/enteculturalsantafesino.com.ar\/usina3\/2024\/08\/maria-teresa-fue-sede-regional-del-torneo-provincial-de-bolitas-de-la-usina-iii-sur\/","title":{"rendered":"Mar\u00eda Teresa fue sede regional del \u00abTorneo provincial de Bolitas\u00bb de la Usina III (sur)"},"content":{"rendered":"\n<p>La comunidad perteneciente al dpto General L\u00f3pez fue sede regional del\u00a0<strong>\u00abTorneo Provincial de Bolitas\u00bb<\/strong>, correspondiente a la\u00a0<strong>Usina Cultural III (sur).<\/strong><\/p>\n\n\n\n<p>El mismo se disput\u00f3 durante la tarde del\u00a0<strong>domingo 25 de agosto<\/strong>\u00a0en el\u00a0<strong>Parque Kirchner<\/strong>; el mismo cuenta con 4 categor\u00edas:\u00a0<em>Categor\u00eda \u201cA\u201d de 8 a 12 a\u00f1os; Categor\u00eda \u201cB\u201d de 13 a 15 a\u00f1os; Categor\u00eda \u201cC\u201d de 16 a 30 a\u00f1os; y Categor\u00eda \u201cD\u201d de 31 en adelante.\u00a0<\/em><\/p>\n\n\n\n<p>El<strong>\u00a0Ente Cultural Santafesino\u00a0<\/strong>junto a la\u00a0<strong>Comuna de Mar\u00eda Teresa<\/strong>\u00a0fueron los organizadores de esta etapa que recibieron a los ganadores de las instancia locales de las distintas comunidades que se encuentran adheridas a dicho espacio cultural.<\/p>\n\n\n\n<p>El certamen cuenta con competencias locales, regionales y la gran final con los finalistas de distintos puntos de la provincia que buscar\u00e1n obtener la&nbsp;<strong>\u00abCopa Prof. Orlando H. Rinesi\u00bb<\/strong><\/p>\n\n\n\n<p><strong>El Presidente del Ente Cultural Santafesino \u2013 Franco De Crist\u00f3fano&nbsp;<\/strong>manifest\u00f3 que desde este domingo se inician las instancias regionales, en b\u00fasqueda de los finalistas para este sexta edici\u00f3n.&nbsp;<em>\u00abEstos torneos ya son un cl\u00e1sico dentro del trabajo articulado que lleva el Ente Cultural Santafesino, constituyen una experiencia conmovedora, un encuentro de norte a sur y de este a oeste de la provincia, convocando a ni\u00f1os, j\u00f3venes y adultos a un juego que remite a la nostalgia, pero que tambi\u00e9n nos permite resaltar la cultura del esfuerzo y la producci\u00f3n que tenemos los santafesinos\u00bb<\/em>.<\/p>\n\n\n\n<p>Los ganadores de la etapa regional que pasan a la gran final a disputarse el&nbsp;<strong>domingo 8 de septiembre&nbsp;<\/strong>en la ciudad de&nbsp;<strong>San Jorge<\/strong>&nbsp;son:<\/p>\n\n\n\n<p><strong>Categor\u00eda A:<\/strong>\u00a0Gonzalo Segovia \/ Melincu\u00e9<br><strong>Categor\u00eda B:<\/strong> Alexis Melian \/ Mar\u00eda tersa<br><strong>Categor\u00eda D:<\/strong>\u00a0Carlos Eichhorn \/ Villa Ca\u00f1as<br><\/p>\n","protected":false},"excerpt":{"rendered":"<p>La comunidad perteneciente al dpto General L\u00f3pez fue sede regional del\u00a0\u00abTorneo Provincial de Bolitas\u00bb, correspondiente a la\u00a0Usina [&hellip;]<\/p>\n","protected":false},"author":3,"featured_media":15286,"comment_status":"open","ping_status":"open","sticky":false,"template":"","format":"standard","meta":{"_jetpack_memberships_contains_paid_content":false,"footnotes":"","jetpack_publicize_message":"","jetpack_publicize_feature_enabled":true,"jetpack_social_post_already_shared":true,"jetpack_social_options":{"image_generator_settings":{"template":"highway","enabled":false}}},"categories":[4,8],"tags":[],"jetpack_publicize_connections":[],"jetpack_featured_media_url":"http:\/\/enteculturalsantafesino.com.ar\/usina3\/wp-content\/uploads\/2024\/08\/WhatsApp-Image-2024-08-26-at-00.37.39.jpeg","jetpack_sharing_enabled":true,"_links":{"self":[{"href":"http:\/\/enteculturalsantafesino.com.ar\/usina3\/wp-json\/wp\/v2\/posts\/15285"}],"collection":[{"href":"http:\/\/enteculturalsantafesino.com.ar\/usina3\/wp-json\/wp\/v2\/posts"}],"about":[{"href":"http:\/\/enteculturalsantafesino.com.ar\/usina3\/wp-json\/wp\/v2\/types\/post"}],"author":[{"embeddable":true,"href":"http:\/\/enteculturalsantafesino.com.ar\/usina3\/wp-json\/wp\/v2\/users\/3"}],"replies":[{"embeddable":true,"href":"http:\/\/enteculturalsantafesino.com.ar\/usina3\/wp-json\/wp\/v2\/comments?post=15285"}],"version-history":[{"count":1,"href":"http:\/\/enteculturalsantafesino.com.ar\/usina3\/wp-json\/wp\/v2\/posts\/15285\/revisions"}],"predecessor-version":[{"id":15287,"href":"http:\/\/enteculturalsantafesino.com.ar\/usina3\/wp-json\/wp\/v2\/posts\/15285\/revisions\/15287"}],"wp:featuredmedia":[{"embeddable":true,"href":"http:\/\/enteculturalsantafesino.com.ar\/usina3\/wp-json\/wp\/v2\/media\/15286"}],"wp:attachment":[{"href":"http:\/\/enteculturalsantafesino.com.ar\/usina3\/wp-json\/wp\/v2\/media?parent=15285"}],"wp:term":[{"taxonomy":"category","embeddable":true,"href":"http:\/\/enteculturalsantafesino.com.ar\/usina3\/wp-json\/wp\/v2\/categories?post=15285"},{"taxonomy":"post_tag","embeddable":true,"href":"http:\/\/enteculturalsantafesino.com.ar\/usina3\/wp-json\/wp\/v2\/tags?post=15285"}],"curies":[{"name":"wp","href":"https:\/\/api.w.org\/{rel}","templated":true}]}}