{"id":15313,"date":"2024-09-21T15:04:05","date_gmt":"2024-09-21T15:04:05","guid":{"rendered":"http:\/\/enteculturalsantafesino.com.ar\/usina3\/?p=15313"},"modified":"2024-09-21T15:04:09","modified_gmt":"2024-09-21T15:04:09","slug":"un-artista-isabelense-que-comparte-su-magia","status":"publish","type":"post","link":"http:\/\/enteculturalsantafesino.com.ar\/usina3\/2024\/09\/un-artista-isabelense-que-comparte-su-magia\/","title":{"rendered":"Un artista isabelense que comparte su magia"},"content":{"rendered":"\n<p><strong>Guillermo Gonzalo Gigena <\/strong>es uno de los mejores exponentes del arte de nuestro pueblo, realizando trabajos incre\u00edbles que nos producen gran alegr\u00eda y admiraci\u00f3n.<\/p>\n\n\n\n<p>Desde hace algunas semanas, viene poniendo a punto su nuevo lugar de trabajo donde dictar\u00e1 clases para los ni\u00f1os, adolescentes y j\u00f3venes de nuestro pueblo que quieran acercarse a la pintura, a la alta pintura!<\/p>\n\n\n\n<p>\u00ab<em>Gracias Guille por ser isabelense, por demostrar cada d\u00eda que talento m\u00e1s esfuerzo te transforman en un referente cultural indiscutido para nuestra gente\u00bb <\/em>manifest\u00f3 el<strong> presidente comunal Pablo Giorgis<\/strong><\/p>\n","protected":false},"excerpt":{"rendered":"<p>Guillermo Gonzalo Gigena es uno de los mejores exponentes del arte de nuestro pueblo, realizando trabajos incre\u00edbles [&hellip;]<\/p>\n","protected":false},"author":3,"featured_media":15314,"comment_status":"open","ping_status":"open","sticky":false,"template":"","format":"standard","meta":{"_jetpack_memberships_contains_paid_content":false,"footnotes":"","jetpack_publicize_message":"","jetpack_publicize_feature_enabled":true,"jetpack_social_post_already_shared":true,"jetpack_social_options":{"image_generator_settings":{"template":"highway","enabled":false}}},"categories":[3],"tags":[],"jetpack_publicize_connections":[],"jetpack_featured_media_url":"http:\/\/enteculturalsantafesino.com.ar\/usina3\/wp-content\/uploads\/2024\/09\/460546885_8123411157708581_2516831071777732269_n.jpg","jetpack_sharing_enabled":true,"_links":{"self":[{"href":"http:\/\/enteculturalsantafesino.com.ar\/usina3\/wp-json\/wp\/v2\/posts\/15313"}],"collection":[{"href":"http:\/\/enteculturalsantafesino.com.ar\/usina3\/wp-json\/wp\/v2\/posts"}],"about":[{"href":"http:\/\/enteculturalsantafesino.com.ar\/usina3\/wp-json\/wp\/v2\/types\/post"}],"author":[{"embeddable":true,"href":"http:\/\/enteculturalsantafesino.com.ar\/usina3\/wp-json\/wp\/v2\/users\/3"}],"replies":[{"embeddable":true,"href":"http:\/\/enteculturalsantafesino.com.ar\/usina3\/wp-json\/wp\/v2\/comments?post=15313"}],"version-history":[{"count":1,"href":"http:\/\/enteculturalsantafesino.com.ar\/usina3\/wp-json\/wp\/v2\/posts\/15313\/revisions"}],"predecessor-version":[{"id":15315,"href":"http:\/\/enteculturalsantafesino.com.ar\/usina3\/wp-json\/wp\/v2\/posts\/15313\/revisions\/15315"}],"wp:featuredmedia":[{"embeddable":true,"href":"http:\/\/enteculturalsantafesino.com.ar\/usina3\/wp-json\/wp\/v2\/media\/15314"}],"wp:attachment":[{"href":"http:\/\/enteculturalsantafesino.com.ar\/usina3\/wp-json\/wp\/v2\/media?parent=15313"}],"wp:term":[{"taxonomy":"category","embeddable":true,"href":"http:\/\/enteculturalsantafesino.com.ar\/usina3\/wp-json\/wp\/v2\/categories?post=15313"},{"taxonomy":"post_tag","embeddable":true,"href":"http:\/\/enteculturalsantafesino.com.ar\/usina3\/wp-json\/wp\/v2\/tags?post=15313"}],"curies":[{"name":"wp","href":"https:\/\/api.w.org\/{rel}","templated":true}]}}