{"id":15349,"date":"2024-10-15T13:21:44","date_gmt":"2024-10-15T13:21:44","guid":{"rendered":"http:\/\/enteculturalsantafesino.com.ar\/usina3\/?p=15349"},"modified":"2024-10-15T13:21:47","modified_gmt":"2024-10-15T13:21:47","slug":"santa-isabel-en-movimiento-magico-encuentro-con-la-danza-y-la-pasion","status":"publish","type":"post","link":"http:\/\/enteculturalsantafesino.com.ar\/usina3\/2024\/10\/santa-isabel-en-movimiento-magico-encuentro-con-la-danza-y-la-pasion\/","title":{"rendered":"\u00abSanta Isabel en Movimiento\u00bb, m\u00e1gico encuentro con la danza y la pasi\u00f3n"},"content":{"rendered":"\n<p>Durante dos d\u00edas, nuestro pueblo vibr\u00f3 con el ritmo y la energ\u00eda de enormes artistas a trav\u00e9s de seminarios y presentaciones de alt\u00edsimo nivel, reuniendo a bailarines y entusiastas de todas partes.<\/p>\n\n\n\n<p><a><\/a>Clases magistrales, emocionantes presentaciones, momentos inolvidables unieron nuestros corazones a trav\u00e9s del arte de la danza.<\/p>\n\n\n\n<p>P\u00e1rrafo aparte para destacar la organizaci\u00f3n dirigida por nuestro referente del \u00c1rea de Cultura, Docente y Bailar\u00edn Ernesto Sunde, que cuid\u00f3 cada detalle para que este Encuentro con la Danza sea una verdadera celebraci\u00f3n.<\/p>\n\n\n\n<p>\u00abSanta Isabel en Movimiento\u00bb no solo fue un evento, sino una experiencia transformadora que dej\u00f3 una huella en el alma de cada una de las personas que asistieron.<\/p>\n\n\n\n<p><img loading=\"lazy\" decoding=\"async\" height=\"16\" width=\"16\" alt=\"&#x1f64c;\" src=\"https:\/\/static.xx.fbcdn.net\/images\/emoji.php\/v9\/tfd\/1\/16\/1f64c.png\">Estamos muy felices por su visita y agradecidos con Bailarines, Profesores y Directores del Teatro Col\u00f3n, Ballet Folcl\u00f3rico Nacional y de la Universidad Nacional de Arte!<\/p>\n\n\n\n<p>Tambi\u00e9n con las presentaciones de La Marrupe\u00f1a, Esc. de Danzas de Chapuy, y el Taller de folklore de Mar\u00eda Teresa, Esc. de Danza Belgrano, Samanta Bilos y su grupo de Ritmos, Gise Alonso y M. Bel\u00e9n Fern\u00e1ndez, Fede Carrizo y Mart\u00edn Sunde, Compa\u00f1\u00eda de Tango de la UNA, Lara Werbach, Jimena Vicetti y Rodrigo Colomba del Ballet Folcl\u00f3rico Nacional, Ballet Isabelense y Omar Martinez.<\/p>\n\n\n\n<p>Y por \u00faltimo, a las Instituciones que brindaron su colaboraci\u00f3n:<\/p>\n\n\n\n<p>Jard\u00edn de infantes n. 42, Club juventud, Club de los Abuelos, Escuela de Danza del Club Belgrano, Bomberos Voluntarios, Iglesia Santa Isabel de Portugal.<\/p>\n","protected":false},"excerpt":{"rendered":"<p>Durante dos d\u00edas, nuestro pueblo vibr\u00f3 con el ritmo y la energ\u00eda de enormes artistas a trav\u00e9s [&hellip;]<\/p>\n","protected":false},"author":3,"featured_media":15351,"comment_status":"open","ping_status":"open","sticky":false,"template":"","format":"standard","meta":{"_jetpack_memberships_contains_paid_content":false,"footnotes":"","jetpack_publicize_message":"","jetpack_publicize_feature_enabled":true,"jetpack_social_post_already_shared":true,"jetpack_social_options":{"image_generator_settings":{"template":"highway","enabled":false}}},"categories":[3],"tags":[],"jetpack_publicize_connections":[],"jetpack_featured_media_url":"http:\/\/enteculturalsantafesino.com.ar\/usina3\/wp-content\/uploads\/2024\/10\/WhatsApp-Image-2024-10-15-at-10.14.54.jpeg","jetpack_sharing_enabled":true,"_links":{"self":[{"href":"http:\/\/enteculturalsantafesino.com.ar\/usina3\/wp-json\/wp\/v2\/posts\/15349"}],"collection":[{"href":"http:\/\/enteculturalsantafesino.com.ar\/usina3\/wp-json\/wp\/v2\/posts"}],"about":[{"href":"http:\/\/enteculturalsantafesino.com.ar\/usina3\/wp-json\/wp\/v2\/types\/post"}],"author":[{"embeddable":true,"href":"http:\/\/enteculturalsantafesino.com.ar\/usina3\/wp-json\/wp\/v2\/users\/3"}],"replies":[{"embeddable":true,"href":"http:\/\/enteculturalsantafesino.com.ar\/usina3\/wp-json\/wp\/v2\/comments?post=15349"}],"version-history":[{"count":1,"href":"http:\/\/enteculturalsantafesino.com.ar\/usina3\/wp-json\/wp\/v2\/posts\/15349\/revisions"}],"predecessor-version":[{"id":15350,"href":"http:\/\/enteculturalsantafesino.com.ar\/usina3\/wp-json\/wp\/v2\/posts\/15349\/revisions\/15350"}],"wp:featuredmedia":[{"embeddable":true,"href":"http:\/\/enteculturalsantafesino.com.ar\/usina3\/wp-json\/wp\/v2\/media\/15351"}],"wp:attachment":[{"href":"http:\/\/enteculturalsantafesino.com.ar\/usina3\/wp-json\/wp\/v2\/media?parent=15349"}],"wp:term":[{"taxonomy":"category","embeddable":true,"href":"http:\/\/enteculturalsantafesino.com.ar\/usina3\/wp-json\/wp\/v2\/categories?post=15349"},{"taxonomy":"post_tag","embeddable":true,"href":"http:\/\/enteculturalsantafesino.com.ar\/usina3\/wp-json\/wp\/v2\/tags?post=15349"}],"curies":[{"name":"wp","href":"https:\/\/api.w.org\/{rel}","templated":true}]}}