{"id":15376,"date":"2024-11-27T14:28:41","date_gmt":"2024-11-27T14:28:41","guid":{"rendered":"https:\/\/enteculturalsantafesino.com.ar\/usina3\/?p=15376"},"modified":"2024-11-27T14:28:44","modified_gmt":"2024-11-27T14:28:44","slug":"escuelas-que-cantan-fue-todo-un-exito-en-villa-canas","status":"publish","type":"post","link":"http:\/\/enteculturalsantafesino.com.ar\/usina3\/2024\/11\/escuelas-que-cantan-fue-todo-un-exito-en-villa-canas\/","title":{"rendered":"\u00abEscuelas que cantan\u00bb fue todo un \u00e9xito en Villa Ca\u00f1as"},"content":{"rendered":"\n<p>Villa Ca\u00f1\u00e1s vibr\u00f3 anoche con \u00abEscuelas que Cantan\u00bb, un espect\u00e1culo art\u00edstico que uni\u00f3 a las instituciones educativas de Nivel Primario de nuestra ciudad.<\/p>\n\n\n\n<p>Cintos de ni\u00f1os y ni\u00f1as de 1ro. a 7mo. Grado deslumbraron con un repertorio de canciones de rock nacional en el escenario \u00abLos Tres Maestros\u00bb acompa\u00f1ados por la banda Resto Urbano.<\/p>\n\n\n\n<p>La gesti\u00f3n municipal felicita a todos los chicos y chicas que brindaron un show tremendo y a los profesores Fernando Guazzaroni, Anibal Quiroga, Pablo Poquet, Bruno Alturria y Paola Bruno por pensar, idear, planificar y concretar este maravilloso proyecto.<\/p>\n\n\n\n<p>Y los temas que sonaron fueron:&nbsp;<\/p>\n\n\n\n<p>-7mo. Grado<\/p>\n\n\n\n<p>Qu\u00e9 paso (Bersuit)<\/p>\n\n\n\n<p>Ji ji ji&nbsp; (Los redondos)<\/p>\n\n\n\n<p>-1er. Grado<\/p>\n\n\n\n<p>No voy en tren (Charly Garc\u00eda)<\/p>\n\n\n\n<p>Mi vieja (Pappo)<\/p>\n\n\n\n<p>-2do. Grado<\/p>\n\n\n\n<p>Que ves el cielo (Spinetta)<\/p>\n\n\n\n<p>Veneno (La Renga)<\/p>\n\n\n\n<p>-4to. Grado<\/p>\n\n\n\n<p>Par Mil (Divididos)<\/p>\n\n\n\n<p>Seguir viviendo sin tu amor (Spinetta)<\/p>\n\n\n\n<p>-3er. Grado<\/p>\n\n\n\n<p>Hacelo por mi (Attaque)<\/p>\n\n\n\n<p>De m\u00fasica ligera (Soda Stereo)<\/p>\n\n\n\n<p>-5to. Grado<\/p>\n\n\n\n<p>A Rodar mi vida&nbsp; (Fito P\u00e1ez)<\/p>\n\n\n\n<p>Mariposas (Enanitos Verdes)<\/p>\n\n\n\n<p>-6to. Grado<\/p>\n\n\n\n<p>Mariposa Tecknicolor (Fito P\u00e1ez)<\/p>\n\n\n\n<p>Costumbres Argentinas (Abuelos de la Nada)<\/p>\n\n\n\n<p>CIERRE TODOS JUNTOS HIMNO DE MI CORAZ\u00d3N (Abuelos de la Nada)<\/p>\n","protected":false},"excerpt":{"rendered":"<p>Villa Ca\u00f1\u00e1s vibr\u00f3 anoche con \u00abEscuelas que Cantan\u00bb, un espect\u00e1culo art\u00edstico que uni\u00f3 a las instituciones educativas [&hellip;]<\/p>\n","protected":false},"author":3,"featured_media":15377,"comment_status":"open","ping_status":"open","sticky":false,"template":"","format":"standard","meta":{"_jetpack_memberships_contains_paid_content":false,"footnotes":"","jetpack_publicize_message":"","jetpack_publicize_feature_enabled":true,"jetpack_social_post_already_shared":true,"jetpack_social_options":{"image_generator_settings":{"template":"highway","enabled":false}}},"categories":[59],"tags":[],"jetpack_publicize_connections":[],"jetpack_featured_media_url":"http:\/\/enteculturalsantafesino.com.ar\/usina3\/wp-content\/uploads\/2024\/11\/468185027_879064071081967_3166173186267095117_n.jpg","jetpack_sharing_enabled":true,"_links":{"self":[{"href":"http:\/\/enteculturalsantafesino.com.ar\/usina3\/wp-json\/wp\/v2\/posts\/15376"}],"collection":[{"href":"http:\/\/enteculturalsantafesino.com.ar\/usina3\/wp-json\/wp\/v2\/posts"}],"about":[{"href":"http:\/\/enteculturalsantafesino.com.ar\/usina3\/wp-json\/wp\/v2\/types\/post"}],"author":[{"embeddable":true,"href":"http:\/\/enteculturalsantafesino.com.ar\/usina3\/wp-json\/wp\/v2\/users\/3"}],"replies":[{"embeddable":true,"href":"http:\/\/enteculturalsantafesino.com.ar\/usina3\/wp-json\/wp\/v2\/comments?post=15376"}],"version-history":[{"count":1,"href":"http:\/\/enteculturalsantafesino.com.ar\/usina3\/wp-json\/wp\/v2\/posts\/15376\/revisions"}],"predecessor-version":[{"id":15378,"href":"http:\/\/enteculturalsantafesino.com.ar\/usina3\/wp-json\/wp\/v2\/posts\/15376\/revisions\/15378"}],"wp:featuredmedia":[{"embeddable":true,"href":"http:\/\/enteculturalsantafesino.com.ar\/usina3\/wp-json\/wp\/v2\/media\/15377"}],"wp:attachment":[{"href":"http:\/\/enteculturalsantafesino.com.ar\/usina3\/wp-json\/wp\/v2\/media?parent=15376"}],"wp:term":[{"taxonomy":"category","embeddable":true,"href":"http:\/\/enteculturalsantafesino.com.ar\/usina3\/wp-json\/wp\/v2\/categories?post=15376"},{"taxonomy":"post_tag","embeddable":true,"href":"http:\/\/enteculturalsantafesino.com.ar\/usina3\/wp-json\/wp\/v2\/tags?post=15376"}],"curies":[{"name":"wp","href":"https:\/\/api.w.org\/{rel}","templated":true}]}}