{"id":15425,"date":"2025-04-04T13:05:35","date_gmt":"2025-04-04T13:05:35","guid":{"rendered":"https:\/\/enteculturalsantafesino.com.ar\/usina3\/?p=15425"},"modified":"2025-04-04T13:06:06","modified_gmt":"2025-04-04T13:06:06","slug":"abanderados-paaso-por-pavon-arriba","status":"publish","type":"post","link":"http:\/\/enteculturalsantafesino.com.ar\/usina3\/2025\/04\/abanderados-paaso-por-pavon-arriba\/","title":{"rendered":"\u00abAbanderados\u00bb pas\u00f3 por Pav\u00f3n Arriba"},"content":{"rendered":"\n<p>La propuesta del <strong>Ente Cultural Santafesino<\/strong> lleg\u00f3 a la localidad, m\u00e1s precisamente al CIC, donde se expusieron m\u00e1s de 40 banderas de ceremonia de la provincia de Santa Fe; incluyendo la de nuestra localidad.<\/p>\n\n\n\n<p>La muestra itinerante fue abierta al p\u00fablico para que puedan apreciar y conocer, a trav\u00e9s de la gu\u00eda de Victoria Mariani, cada uno de los emblemas. Tuvo como objetivo mostrar la historia y el significado de las banderas.<\/p>\n\n\n\n<p><strong>\u00abAbanderados\u00bb<\/strong> fue una gran oportunidad para reflexionar sobre el valor simb\u00f3lico que las banderas tienen para las comunidades, representando su identidad, historia y tradiciones.<\/p>\n\n\n\n<p>Entre las localidades santafesinas que forman parte de la exposici\u00f3n se encuentran <em>Suardi, San Guillermo, Villa Trinidad, Arruf\u00f3, Monigotes, Hersilia, Ambrosetti, Ceres, Colonia Ana, Colonia Rosa, San Crist\u00f3bal, Ramona, Esperanza, Lehmann, Mar\u00eda Juana, Felicia, Sarmiento, Santa Clara de la Buena Vista, Providencia, Las Parejas, Mar\u00eda Susana, El Tr\u00e9bol, Timbu\u00e9s, Totoras, Clason, Pueblo Andino, P\u00e9rez, Coronel Dom\u00ednguez, Acebal, Arroyo Seco, Arequito, Berabev\u00fa, Los Molinos, Godeken, Santa Isabel, Carmen, Mar\u00eda Teresa, Firmat, Melincu\u00e9, Coronda, Villa Ocampo, Florencia, Guadalupe Norte, Malabrigo, Las Toscas, M\u00e1ximo Paz, Isla Verde, General Baldissera, Marcos Ju\u00e1rez, Cruz Alta e Inriville.<\/em><\/p>\n","protected":false},"excerpt":{"rendered":"<p>La propuesta del Ente Cultural Santafesino lleg\u00f3 a la localidad, m\u00e1s precisamente al CIC, donde se expusieron [&hellip;]<\/p>\n","protected":false},"author":3,"featured_media":15426,"comment_status":"open","ping_status":"closed","sticky":false,"template":"","format":"standard","meta":{"_jetpack_memberships_contains_paid_content":false,"footnotes":"","jetpack_publicize_message":"","jetpack_publicize_feature_enabled":true,"jetpack_social_post_already_shared":true,"jetpack_social_options":{"image_generator_settings":{"template":"highway","enabled":false}}},"categories":[4,54],"tags":[],"jetpack_publicize_connections":[],"jetpack_featured_media_url":"http:\/\/enteculturalsantafesino.com.ar\/usina3\/wp-content\/uploads\/2025\/04\/488314947_1074862724680466_1140757022788704767_n.jpg","jetpack_sharing_enabled":true,"_links":{"self":[{"href":"http:\/\/enteculturalsantafesino.com.ar\/usina3\/wp-json\/wp\/v2\/posts\/15425"}],"collection":[{"href":"http:\/\/enteculturalsantafesino.com.ar\/usina3\/wp-json\/wp\/v2\/posts"}],"about":[{"href":"http:\/\/enteculturalsantafesino.com.ar\/usina3\/wp-json\/wp\/v2\/types\/post"}],"author":[{"embeddable":true,"href":"http:\/\/enteculturalsantafesino.com.ar\/usina3\/wp-json\/wp\/v2\/users\/3"}],"replies":[{"embeddable":true,"href":"http:\/\/enteculturalsantafesino.com.ar\/usina3\/wp-json\/wp\/v2\/comments?post=15425"}],"version-history":[{"count":2,"href":"http:\/\/enteculturalsantafesino.com.ar\/usina3\/wp-json\/wp\/v2\/posts\/15425\/revisions"}],"predecessor-version":[{"id":15428,"href":"http:\/\/enteculturalsantafesino.com.ar\/usina3\/wp-json\/wp\/v2\/posts\/15425\/revisions\/15428"}],"wp:featuredmedia":[{"embeddable":true,"href":"http:\/\/enteculturalsantafesino.com.ar\/usina3\/wp-json\/wp\/v2\/media\/15426"}],"wp:attachment":[{"href":"http:\/\/enteculturalsantafesino.com.ar\/usina3\/wp-json\/wp\/v2\/media?parent=15425"}],"wp:term":[{"taxonomy":"category","embeddable":true,"href":"http:\/\/enteculturalsantafesino.com.ar\/usina3\/wp-json\/wp\/v2\/categories?post=15425"},{"taxonomy":"post_tag","embeddable":true,"href":"http:\/\/enteculturalsantafesino.com.ar\/usina3\/wp-json\/wp\/v2\/tags?post=15425"}],"curies":[{"name":"wp","href":"https:\/\/api.w.org\/{rel}","templated":true}]}}