{"id":15476,"date":"2025-07-05T16:09:14","date_gmt":"2025-07-05T16:09:14","guid":{"rendered":"https:\/\/enteculturalsantafesino.com.ar\/usina3\/?p=15476"},"modified":"2025-07-05T16:09:17","modified_gmt":"2025-07-05T16:09:17","slug":"canta-fe-convoca-a-los-compositores-santafesinos","status":"publish","type":"post","link":"http:\/\/enteculturalsantafesino.com.ar\/usina3\/2025\/07\/canta-fe-convoca-a-los-compositores-santafesinos\/","title":{"rendered":"\u00abCANTA FE\u00bb convoca a los compositores santafesinos"},"content":{"rendered":"\n<p>Se encuentra abierta la inscripci\u00f3n al programa \u201cCANTA FE\u201d, los interesados en participar deben tener entre 13 y 25 a\u00f1os .<\/p>\n\n\n\n<p>La producci\u00f3n deber\u00e1 ser original, creada por el participante\/grupo e in\u00e9dita. Estar\u00e1 inspirada en nuestra provincia \u201cSanta Fe\u201c y el g\u00e9nero ser\u00e1 libre.<\/p>\n\n\n\n<p>Las producciones ser\u00e1n presentadas a trav\u00e9s de la plataforma y<br>Youtube ; deber\u00e1n ser subidas desde el canal de youtube propio , del grupo, escuela o comuna y podr\u00e1n ser presentadas hasta el 31 de octubre sin excepci\u00f3n.<\/p>\n\n\n\n<p>Al subir a la plataforma la canci\u00f3n deber\u00e1n poner como t\u00edtulo : Nombre y apellido , localidad y seguidamente : Participaci\u00f3n Canta Fe #cantafe2025.<\/p>\n\n\n\n<p>La convocatoria premiar\u00e1 a los trabajos ganadores con la realizaci\u00f3n de un Festival donde se presentar\u00e1 cada una de las obras elegidas.<\/p>\n","protected":false},"excerpt":{"rendered":"<p>Se encuentra abierta la inscripci\u00f3n al programa \u201cCANTA FE\u201d, los interesados en participar deben tener entre 13 [&hellip;]<\/p>\n","protected":false},"author":3,"featured_media":15477,"comment_status":"open","ping_status":"open","sticky":false,"template":"","format":"standard","meta":{"_jetpack_memberships_contains_paid_content":false,"footnotes":"","jetpack_publicize_message":"","jetpack_publicize_feature_enabled":true,"jetpack_social_post_already_shared":true,"jetpack_social_options":{"image_generator_settings":{"template":"highway","enabled":false}}},"categories":[4],"tags":[],"jetpack_publicize_connections":[],"jetpack_featured_media_url":"http:\/\/enteculturalsantafesino.com.ar\/usina3\/wp-content\/uploads\/2025\/07\/6bb1172b-8c13-4772-9ab7-8eb82758ca65.jpg","jetpack_sharing_enabled":true,"_links":{"self":[{"href":"http:\/\/enteculturalsantafesino.com.ar\/usina3\/wp-json\/wp\/v2\/posts\/15476"}],"collection":[{"href":"http:\/\/enteculturalsantafesino.com.ar\/usina3\/wp-json\/wp\/v2\/posts"}],"about":[{"href":"http:\/\/enteculturalsantafesino.com.ar\/usina3\/wp-json\/wp\/v2\/types\/post"}],"author":[{"embeddable":true,"href":"http:\/\/enteculturalsantafesino.com.ar\/usina3\/wp-json\/wp\/v2\/users\/3"}],"replies":[{"embeddable":true,"href":"http:\/\/enteculturalsantafesino.com.ar\/usina3\/wp-json\/wp\/v2\/comments?post=15476"}],"version-history":[{"count":1,"href":"http:\/\/enteculturalsantafesino.com.ar\/usina3\/wp-json\/wp\/v2\/posts\/15476\/revisions"}],"predecessor-version":[{"id":15478,"href":"http:\/\/enteculturalsantafesino.com.ar\/usina3\/wp-json\/wp\/v2\/posts\/15476\/revisions\/15478"}],"wp:featuredmedia":[{"embeddable":true,"href":"http:\/\/enteculturalsantafesino.com.ar\/usina3\/wp-json\/wp\/v2\/media\/15477"}],"wp:attachment":[{"href":"http:\/\/enteculturalsantafesino.com.ar\/usina3\/wp-json\/wp\/v2\/media?parent=15476"}],"wp:term":[{"taxonomy":"category","embeddable":true,"href":"http:\/\/enteculturalsantafesino.com.ar\/usina3\/wp-json\/wp\/v2\/categories?post=15476"},{"taxonomy":"post_tag","embeddable":true,"href":"http:\/\/enteculturalsantafesino.com.ar\/usina3\/wp-json\/wp\/v2\/tags?post=15476"}],"curies":[{"name":"wp","href":"https:\/\/api.w.org\/{rel}","templated":true}]}}