{"id":15483,"date":"2025-07-14T13:03:34","date_gmt":"2025-07-14T13:03:34","guid":{"rendered":"https:\/\/enteculturalsantafesino.com.ar\/usina3\/?p=15483"},"modified":"2025-07-14T13:03:55","modified_gmt":"2025-07-14T13:03:55","slug":"santa-isabel-disfruto","status":"publish","type":"post","link":"http:\/\/enteculturalsantafesino.com.ar\/usina3\/2025\/07\/santa-isabel-disfruto\/","title":{"rendered":"Santa Isabel disfrut\u00f3 del \u00abTorneo Provincial de Bolitas\u00bb"},"content":{"rendered":"\n<p>El \u00faltimo domingo en la plaza Pinocho, se llev\u00f3 a cabo la instancia local del Torneo Provincial de Bolitas, con la participaci\u00f3n de ni\u00f1os, ni\u00f1as, j\u00f3venes y adultos de la comunidad del sur santafesino.<br>\u2063<br>Los ganadores fueron:<br>Cat. A<br>1 Mikeas Aldorino<br>2 Gael Canis<\/p>\n\n\n\n<p>Cat. B<br>1 Dante Galligani<br>2 Joaqu\u00edn Far\u00edas<\/p>\n\n\n\n<p>Cat. C<br>1 \u00c1ngel Far\u00edas<\/p>\n\n\n\n<p>&#x1f947;Cat. D<br>1 Germ\u00e1n Far\u00edas<br>2 Mariano Latini<\/p>\n","protected":false},"excerpt":{"rendered":"<p>El \u00faltimo domingo en la plaza Pinocho, se llev\u00f3 a cabo la instancia local del Torneo Provincial [&hellip;]<\/p>\n","protected":false},"author":3,"featured_media":15484,"comment_status":"open","ping_status":"open","sticky":false,"template":"","format":"standard","meta":{"_jetpack_memberships_contains_paid_content":false,"footnotes":"","jetpack_publicize_message":"","jetpack_publicize_feature_enabled":true,"jetpack_social_post_already_shared":false,"jetpack_social_options":{"image_generator_settings":{"template":"highway","enabled":false}}},"categories":[4,3],"tags":[],"jetpack_publicize_connections":[],"jetpack_featured_media_url":"http:\/\/enteculturalsantafesino.com.ar\/usina3\/wp-content\/uploads\/2025\/07\/9d5b946f-c411-4361-b57a-858b2d4a16b5.jpg","jetpack_sharing_enabled":true,"_links":{"self":[{"href":"http:\/\/enteculturalsantafesino.com.ar\/usina3\/wp-json\/wp\/v2\/posts\/15483"}],"collection":[{"href":"http:\/\/enteculturalsantafesino.com.ar\/usina3\/wp-json\/wp\/v2\/posts"}],"about":[{"href":"http:\/\/enteculturalsantafesino.com.ar\/usina3\/wp-json\/wp\/v2\/types\/post"}],"author":[{"embeddable":true,"href":"http:\/\/enteculturalsantafesino.com.ar\/usina3\/wp-json\/wp\/v2\/users\/3"}],"replies":[{"embeddable":true,"href":"http:\/\/enteculturalsantafesino.com.ar\/usina3\/wp-json\/wp\/v2\/comments?post=15483"}],"version-history":[{"count":1,"href":"http:\/\/enteculturalsantafesino.com.ar\/usina3\/wp-json\/wp\/v2\/posts\/15483\/revisions"}],"predecessor-version":[{"id":15485,"href":"http:\/\/enteculturalsantafesino.com.ar\/usina3\/wp-json\/wp\/v2\/posts\/15483\/revisions\/15485"}],"wp:featuredmedia":[{"embeddable":true,"href":"http:\/\/enteculturalsantafesino.com.ar\/usina3\/wp-json\/wp\/v2\/media\/15484"}],"wp:attachment":[{"href":"http:\/\/enteculturalsantafesino.com.ar\/usina3\/wp-json\/wp\/v2\/media?parent=15483"}],"wp:term":[{"taxonomy":"category","embeddable":true,"href":"http:\/\/enteculturalsantafesino.com.ar\/usina3\/wp-json\/wp\/v2\/categories?post=15483"},{"taxonomy":"post_tag","embeddable":true,"href":"http:\/\/enteculturalsantafesino.com.ar\/usina3\/wp-json\/wp\/v2\/tags?post=15483"}],"curies":[{"name":"wp","href":"https:\/\/api.w.org\/{rel}","templated":true}]}}