{"id":15486,"date":"2025-07-14T19:02:05","date_gmt":"2025-07-14T19:02:05","guid":{"rendered":"https:\/\/enteculturalsantafesino.com.ar\/usina3\/?p=15486"},"modified":"2025-07-14T19:02:08","modified_gmt":"2025-07-14T19:02:08","slug":"villa-canas-disfruto-del-torneo-provincial-de-bolitas","status":"publish","type":"post","link":"http:\/\/enteculturalsantafesino.com.ar\/usina3\/2025\/07\/villa-canas-disfruto-del-torneo-provincial-de-bolitas\/","title":{"rendered":"Villa Ca\u00f1as disfruto del \u00abTorneo Provincial de Bolitas\u00bb"},"content":{"rendered":"\n<p>Se realiz\u00f3 ayer la etapa local del 7mo. Torneo Provincial de Bolitas, organizado por el Ente Cultural Santafesino con el acompa\u00f1amiento de la Municipalidad, a trav\u00e9s de las direcciones de Deportes y Cultura.<br>\u2800<br>El certamen se desarroll\u00f3 en el predio del Prado Espa\u00f1ol y cont\u00f3 con la participaci\u00f3n de ni\u00f1os y ni\u00f1as que disfrutaron de este tradicional y popular juego.<br>\u2800<br>En la categor\u00eda \u201cA\u201d Ni\u00f1os (de 8 a 12 a\u00f1os) el ganador fue Amadeo Mu\u00f1oz, mientras que en la divisi\u00f3n \u201cB\u201d Adolescentes (de 13 a 15 a\u00f1os) se impuso Rub\u00e9n Castillo.<\/p>\n","protected":false},"excerpt":{"rendered":"<p>Se realiz\u00f3 ayer la etapa local del 7mo. Torneo Provincial de Bolitas, organizado por el Ente Cultural [&hellip;]<\/p>\n","protected":false},"author":3,"featured_media":15487,"comment_status":"open","ping_status":"open","sticky":false,"template":"","format":"standard","meta":{"_jetpack_memberships_contains_paid_content":false,"footnotes":"","jetpack_publicize_message":"","jetpack_publicize_feature_enabled":true,"jetpack_social_post_already_shared":true,"jetpack_social_options":{"image_generator_settings":{"template":"highway","enabled":false}}},"categories":[4,59],"tags":[],"jetpack_publicize_connections":[],"jetpack_featured_media_url":"http:\/\/enteculturalsantafesino.com.ar\/usina3\/wp-content\/uploads\/2025\/07\/c7cdce17-ed25-4016-b1c7-a38e14408f45.jpg","jetpack_sharing_enabled":true,"_links":{"self":[{"href":"http:\/\/enteculturalsantafesino.com.ar\/usina3\/wp-json\/wp\/v2\/posts\/15486"}],"collection":[{"href":"http:\/\/enteculturalsantafesino.com.ar\/usina3\/wp-json\/wp\/v2\/posts"}],"about":[{"href":"http:\/\/enteculturalsantafesino.com.ar\/usina3\/wp-json\/wp\/v2\/types\/post"}],"author":[{"embeddable":true,"href":"http:\/\/enteculturalsantafesino.com.ar\/usina3\/wp-json\/wp\/v2\/users\/3"}],"replies":[{"embeddable":true,"href":"http:\/\/enteculturalsantafesino.com.ar\/usina3\/wp-json\/wp\/v2\/comments?post=15486"}],"version-history":[{"count":1,"href":"http:\/\/enteculturalsantafesino.com.ar\/usina3\/wp-json\/wp\/v2\/posts\/15486\/revisions"}],"predecessor-version":[{"id":15488,"href":"http:\/\/enteculturalsantafesino.com.ar\/usina3\/wp-json\/wp\/v2\/posts\/15486\/revisions\/15488"}],"wp:featuredmedia":[{"embeddable":true,"href":"http:\/\/enteculturalsantafesino.com.ar\/usina3\/wp-json\/wp\/v2\/media\/15487"}],"wp:attachment":[{"href":"http:\/\/enteculturalsantafesino.com.ar\/usina3\/wp-json\/wp\/v2\/media?parent=15486"}],"wp:term":[{"taxonomy":"category","embeddable":true,"href":"http:\/\/enteculturalsantafesino.com.ar\/usina3\/wp-json\/wp\/v2\/categories?post=15486"},{"taxonomy":"post_tag","embeddable":true,"href":"http:\/\/enteculturalsantafesino.com.ar\/usina3\/wp-json\/wp\/v2\/tags?post=15486"}],"curies":[{"name":"wp","href":"https:\/\/api.w.org\/{rel}","templated":true}]}}