{"id":15513,"date":"2025-08-19T13:53:19","date_gmt":"2025-08-19T13:53:19","guid":{"rendered":"https:\/\/enteculturalsantafesino.com.ar\/usina3\/?p=15513"},"modified":"2025-08-19T13:53:22","modified_gmt":"2025-08-19T13:53:22","slug":"volando-alto-puso-magia-en-el-cielo-de-villada","status":"publish","type":"post","link":"http:\/\/enteculturalsantafesino.com.ar\/usina3\/2025\/08\/volando-alto-puso-magia-en-el-cielo-de-villada\/","title":{"rendered":"\u00abVolando Alto\u00bb puso magia en el cielo de Villada"},"content":{"rendered":"\n<p>El viernes 15 en el parque de la comunidad perteneciente al dpto Caseros se disfrut\u00f3 del programa \u00abVolando Alto\u00bb, una nueva propuesta del Ente Cultural Santafesino, coordinada por la Comuna local.<\/p>\n\n\n\n<p>Dicha convocatoria tiene como finalidad la exposici\u00f3n y el remontar del barrilete propio realizado artesanalmente.<\/p>\n\n\n\n<p>Los barriletes seleccionados fueron:<br>Premio al m\u00e1s grande.: Maria Luz Galvan<br>Premio al que vol\u00f3 m\u00e1s alto Albino Cordoba<br>Premio al m\u00e1s creativo: Gino Gardella<\/p>\n\n\n\n<p>En toda la provincia se estar\u00e1n remontando barriletes y as\u00ed, cada cual desde su rinc\u00f3n, compartiendo el mismo cielo, podr\u00e1 elevar su deseo de construcci\u00f3n colectiva.<\/p>\n","protected":false},"excerpt":{"rendered":"<p>El viernes 15 en el parque de la comunidad perteneciente al dpto Caseros se disfrut\u00f3 del programa [&hellip;]<\/p>\n","protected":false},"author":3,"featured_media":15514,"comment_status":"open","ping_status":"open","sticky":false,"template":"","format":"standard","meta":{"_jetpack_memberships_contains_paid_content":false,"footnotes":"","jetpack_publicize_message":"","jetpack_publicize_feature_enabled":true,"jetpack_social_post_already_shared":true,"jetpack_social_options":{"image_generator_settings":{"template":"highway","enabled":false}}},"categories":[4,34],"tags":[],"jetpack_publicize_connections":[],"jetpack_featured_media_url":"http:\/\/enteculturalsantafesino.com.ar\/usina3\/wp-content\/uploads\/2025\/08\/ac01fd7c-4054-487c-b685-598c680c01b7.jpg","jetpack_sharing_enabled":true,"_links":{"self":[{"href":"http:\/\/enteculturalsantafesino.com.ar\/usina3\/wp-json\/wp\/v2\/posts\/15513"}],"collection":[{"href":"http:\/\/enteculturalsantafesino.com.ar\/usina3\/wp-json\/wp\/v2\/posts"}],"about":[{"href":"http:\/\/enteculturalsantafesino.com.ar\/usina3\/wp-json\/wp\/v2\/types\/post"}],"author":[{"embeddable":true,"href":"http:\/\/enteculturalsantafesino.com.ar\/usina3\/wp-json\/wp\/v2\/users\/3"}],"replies":[{"embeddable":true,"href":"http:\/\/enteculturalsantafesino.com.ar\/usina3\/wp-json\/wp\/v2\/comments?post=15513"}],"version-history":[{"count":1,"href":"http:\/\/enteculturalsantafesino.com.ar\/usina3\/wp-json\/wp\/v2\/posts\/15513\/revisions"}],"predecessor-version":[{"id":15515,"href":"http:\/\/enteculturalsantafesino.com.ar\/usina3\/wp-json\/wp\/v2\/posts\/15513\/revisions\/15515"}],"wp:featuredmedia":[{"embeddable":true,"href":"http:\/\/enteculturalsantafesino.com.ar\/usina3\/wp-json\/wp\/v2\/media\/15514"}],"wp:attachment":[{"href":"http:\/\/enteculturalsantafesino.com.ar\/usina3\/wp-json\/wp\/v2\/media?parent=15513"}],"wp:term":[{"taxonomy":"category","embeddable":true,"href":"http:\/\/enteculturalsantafesino.com.ar\/usina3\/wp-json\/wp\/v2\/categories?post=15513"},{"taxonomy":"post_tag","embeddable":true,"href":"http:\/\/enteculturalsantafesino.com.ar\/usina3\/wp-json\/wp\/v2\/tags?post=15513"}],"curies":[{"name":"wp","href":"https:\/\/api.w.org\/{rel}","templated":true}]}}