{"id":15517,"date":"2025-08-23T15:28:45","date_gmt":"2025-08-23T15:28:45","guid":{"rendered":"https:\/\/enteculturalsantafesino.com.ar\/usina3\/?p=15517"},"modified":"2025-08-23T15:28:47","modified_gmt":"2025-08-23T15:28:47","slug":"hughes-disfruto-del-torneo-provincial-de-bolitas","status":"publish","type":"post","link":"http:\/\/enteculturalsantafesino.com.ar\/usina3\/2025\/08\/hughes-disfruto-del-torneo-provincial-de-bolitas\/","title":{"rendered":"Hughes disfrut\u00f3 del \u00abTorneo Provincial de Bolitas\u00bb"},"content":{"rendered":"\n<p>El domingo 17 se desarroll\u00f3 en la comunidad del depto Gral L\u00f3pez el Torneo de Bolitas.<\/p>\n\n\n\n<p>En el marco del \u00abDia del Ni\u00f1o\u00bb se vivi\u00f3 esta s\u00e9ptima edici\u00f3n, organizado por el Ente Cultural Santafesino y coordinado por la Comuna local.<\/p>\n\n\n\n<p>Ganadores:<br>Categor\u00eda A:<br>1\u00b0 Moro Ramallo<br>2\u00b0 Santino Montiel<\/p>\n\n\n\n<p>Categor\u00eda B:<br>1\u00b0 Jerem\u00edas Berbari<br>2\u00b0 Rodrigo Pintos<\/p>\n\n\n\n<p>Categor\u00eda C:<br>1\u00b0 Lautaro Medina<br>2\u00b0Juan Andrada<\/p>\n","protected":false},"excerpt":{"rendered":"<p>El domingo 17 se desarroll\u00f3 en la comunidad del depto Gral L\u00f3pez el Torneo de Bolitas. En [&hellip;]<\/p>\n","protected":false},"author":3,"featured_media":15518,"comment_status":"open","ping_status":"open","sticky":false,"template":"","format":"standard","meta":{"_jetpack_memberships_contains_paid_content":false,"footnotes":"","jetpack_publicize_message":"","jetpack_publicize_feature_enabled":true,"jetpack_social_post_already_shared":true,"jetpack_social_options":{"image_generator_settings":{"template":"highway","enabled":false}}},"categories":[4,23],"tags":[],"jetpack_publicize_connections":[],"jetpack_featured_media_url":"http:\/\/enteculturalsantafesino.com.ar\/usina3\/wp-content\/uploads\/2025\/08\/6c112024-e9a3-42cd-b563-46e36eec7eb9.jpg","jetpack_sharing_enabled":true,"_links":{"self":[{"href":"http:\/\/enteculturalsantafesino.com.ar\/usina3\/wp-json\/wp\/v2\/posts\/15517"}],"collection":[{"href":"http:\/\/enteculturalsantafesino.com.ar\/usina3\/wp-json\/wp\/v2\/posts"}],"about":[{"href":"http:\/\/enteculturalsantafesino.com.ar\/usina3\/wp-json\/wp\/v2\/types\/post"}],"author":[{"embeddable":true,"href":"http:\/\/enteculturalsantafesino.com.ar\/usina3\/wp-json\/wp\/v2\/users\/3"}],"replies":[{"embeddable":true,"href":"http:\/\/enteculturalsantafesino.com.ar\/usina3\/wp-json\/wp\/v2\/comments?post=15517"}],"version-history":[{"count":1,"href":"http:\/\/enteculturalsantafesino.com.ar\/usina3\/wp-json\/wp\/v2\/posts\/15517\/revisions"}],"predecessor-version":[{"id":15519,"href":"http:\/\/enteculturalsantafesino.com.ar\/usina3\/wp-json\/wp\/v2\/posts\/15517\/revisions\/15519"}],"wp:featuredmedia":[{"embeddable":true,"href":"http:\/\/enteculturalsantafesino.com.ar\/usina3\/wp-json\/wp\/v2\/media\/15518"}],"wp:attachment":[{"href":"http:\/\/enteculturalsantafesino.com.ar\/usina3\/wp-json\/wp\/v2\/media?parent=15517"}],"wp:term":[{"taxonomy":"category","embeddable":true,"href":"http:\/\/enteculturalsantafesino.com.ar\/usina3\/wp-json\/wp\/v2\/categories?post=15517"},{"taxonomy":"post_tag","embeddable":true,"href":"http:\/\/enteculturalsantafesino.com.ar\/usina3\/wp-json\/wp\/v2\/tags?post=15517"}],"curies":[{"name":"wp","href":"https:\/\/api.w.org\/{rel}","templated":true}]}}