{"id":15521,"date":"2025-09-01T16:04:21","date_gmt":"2025-09-01T16:04:21","guid":{"rendered":"https:\/\/enteculturalsantafesino.com.ar\/usina3\/?p=15521"},"modified":"2025-09-01T16:04:25","modified_gmt":"2025-09-01T16:04:25","slug":"abanderados-se-hizo-presente-en-la-ciudad-de-firmat","status":"publish","type":"post","link":"http:\/\/enteculturalsantafesino.com.ar\/usina3\/2025\/09\/abanderados-se-hizo-presente-en-la-ciudad-de-firmat\/","title":{"rendered":"\u00abAbanderados\u00bb se hizo presente en la ciudad de Firmat"},"content":{"rendered":"\n<p>La muestra itinerante lleg\u00f3 a la ciudad del dpto Gral. L\u00f3pez, acompa\u00f1ada por la responsable del Ente Cultural Santafesino Lic. Claudia Giaccone, la directora de la Usina III ( sur) Cecilia De Francesco, quienes fueron recibidas por las responsables de la Secretaria de Cultura Soledad Zazarini y Alina Vargas<\/p>\n\n\n\n<p>La propuesta del\u00a0Ente Cultural Santafesino sigue girando por suelo provincial, exponiendo las m\u00e1s de 50 banderas de ceremonias de la provincia de Santa Fe y del sudeste cordob\u00e9s.<\/p>\n\n\n\n<p>Banderas de 12 departamentos y m\u00e1s de de 50 comunidades del norte, centro,\u00a0 sur provincial y el sudeste de C\u00f3rdoba forman parte de esta significativa muestra.<\/p>\n\n\n\n<p>\u00abAbanderados\u00bb\u00a0es una gran oportunidad para reflexionar sobre el valor simb\u00f3lico que las banderas tienen para las comunidades, representando su identidad, historia y tradiciones.<\/p>\n\n\n\n<figure class=\"wp-block-embed is-type-video is-provider-youtube wp-block-embed-youtube wp-embed-aspect-16-9 wp-has-aspect-ratio\"><div class=\"wp-block-embed__wrapper\">\n<iframe loading=\"lazy\" title=\"FIRMAT | LA MUESTRA ITINERANTE DE BANDERAS DE COMUNIDADES Y DEPARTAMENTOS SE PUEDE VISITAR EN HALL\" width=\"1016\" height=\"572\" src=\"https:\/\/www.youtube.com\/embed\/_vHTwiAbCko?feature=oembed\" frameborder=\"0\" allow=\"accelerometer; autoplay; clipboard-write; encrypted-media; gyroscope; picture-in-picture; web-share\" referrerpolicy=\"strict-origin-when-cross-origin\" allowfullscreen><\/iframe>\n<\/div><\/figure>\n","protected":false},"excerpt":{"rendered":"<p>La muestra itinerante lleg\u00f3 a la ciudad del dpto Gral. L\u00f3pez, acompa\u00f1ada por la responsable del Ente [&hellip;]<\/p>\n","protected":false},"author":3,"featured_media":15522,"comment_status":"open","ping_status":"open","sticky":false,"template":"","format":"standard","meta":{"_jetpack_memberships_contains_paid_content":false,"footnotes":"","jetpack_publicize_message":"","jetpack_publicize_feature_enabled":true,"jetpack_social_post_already_shared":true,"jetpack_social_options":{"image_generator_settings":{"template":"highway","enabled":false}}},"categories":[35,4],"tags":[],"jetpack_publicize_connections":[],"jetpack_featured_media_url":"http:\/\/enteculturalsantafesino.com.ar\/usina3\/wp-content\/uploads\/2025\/09\/37b18939-9887-4337-bb9c-99a48aeed63c-1.jpg","jetpack_sharing_enabled":true,"_links":{"self":[{"href":"http:\/\/enteculturalsantafesino.com.ar\/usina3\/wp-json\/wp\/v2\/posts\/15521"}],"collection":[{"href":"http:\/\/enteculturalsantafesino.com.ar\/usina3\/wp-json\/wp\/v2\/posts"}],"about":[{"href":"http:\/\/enteculturalsantafesino.com.ar\/usina3\/wp-json\/wp\/v2\/types\/post"}],"author":[{"embeddable":true,"href":"http:\/\/enteculturalsantafesino.com.ar\/usina3\/wp-json\/wp\/v2\/users\/3"}],"replies":[{"embeddable":true,"href":"http:\/\/enteculturalsantafesino.com.ar\/usina3\/wp-json\/wp\/v2\/comments?post=15521"}],"version-history":[{"count":1,"href":"http:\/\/enteculturalsantafesino.com.ar\/usina3\/wp-json\/wp\/v2\/posts\/15521\/revisions"}],"predecessor-version":[{"id":15523,"href":"http:\/\/enteculturalsantafesino.com.ar\/usina3\/wp-json\/wp\/v2\/posts\/15521\/revisions\/15523"}],"wp:featuredmedia":[{"embeddable":true,"href":"http:\/\/enteculturalsantafesino.com.ar\/usina3\/wp-json\/wp\/v2\/media\/15522"}],"wp:attachment":[{"href":"http:\/\/enteculturalsantafesino.com.ar\/usina3\/wp-json\/wp\/v2\/media?parent=15521"}],"wp:term":[{"taxonomy":"category","embeddable":true,"href":"http:\/\/enteculturalsantafesino.com.ar\/usina3\/wp-json\/wp\/v2\/categories?post=15521"},{"taxonomy":"post_tag","embeddable":true,"href":"http:\/\/enteculturalsantafesino.com.ar\/usina3\/wp-json\/wp\/v2\/tags?post=15521"}],"curies":[{"name":"wp","href":"https:\/\/api.w.org\/{rel}","templated":true}]}}