{"id":15525,"date":"2025-09-01T16:27:04","date_gmt":"2025-09-01T16:27:04","guid":{"rendered":"https:\/\/enteculturalsantafesino.com.ar\/usina3\/?p=15525"},"modified":"2025-09-01T16:27:07","modified_gmt":"2025-09-01T16:27:07","slug":"volando-alto-llego-a-coronel-arnold","status":"publish","type":"post","link":"http:\/\/enteculturalsantafesino.com.ar\/usina3\/2025\/09\/volando-alto-llego-a-coronel-arnold\/","title":{"rendered":"\u00abVolando Alto\u00bb lleg\u00f3 a Coronel Arnold"},"content":{"rendered":"\n<p>El domingo 24 en el playon de la comunidad perteneciente al dpto San Lorenzo se disfrut\u00f3 del programa \u00abVolando Alto\u00bb, una nueva propuesta del Ente Cultural Santafesino, coordinada por la Comuna local.<\/p>\n\n\n\n<p>Dicha convocatoria tiene como finalidad la exposici\u00f3n y el remontar del barrilete propio realizado artesanalmente.<\/p>\n\n\n\n<p>Los barriletes seleccionados fueron:<br>Premio al m\u00e1s grande: Milo Luraschi<br>Premio al que vol\u00f3 m\u00e1s alto: Autoridades Rold\u00e1n<br>Premio al m\u00e1s creativo: Luisina Georgi<\/p>\n\n\n\n<p>En toda la provincia se estar\u00e1n remontando barriletes y as\u00ed, cada cual desde su rinc\u00f3n, compartiendo el mismo cielo, podr\u00e1 elevar su deseo de construcci\u00f3n colectiva.<\/p>\n","protected":false},"excerpt":{"rendered":"<p>El domingo 24 en el playon de la comunidad perteneciente al dpto San Lorenzo se disfrut\u00f3 del [&hellip;]<\/p>\n","protected":false},"author":3,"featured_media":15526,"comment_status":"open","ping_status":"open","sticky":false,"template":"","format":"standard","meta":{"_jetpack_memberships_contains_paid_content":false,"footnotes":"","jetpack_publicize_message":"","jetpack_publicize_feature_enabled":true,"jetpack_social_post_already_shared":true,"jetpack_social_options":{"image_generator_settings":{"template":"highway","enabled":false}}},"categories":[30,4],"tags":[],"jetpack_publicize_connections":[],"jetpack_featured_media_url":"http:\/\/enteculturalsantafesino.com.ar\/usina3\/wp-content\/uploads\/2025\/09\/72090731-9a0d-419d-ae81-b884215f3d6d.jpg","jetpack_sharing_enabled":true,"_links":{"self":[{"href":"http:\/\/enteculturalsantafesino.com.ar\/usina3\/wp-json\/wp\/v2\/posts\/15525"}],"collection":[{"href":"http:\/\/enteculturalsantafesino.com.ar\/usina3\/wp-json\/wp\/v2\/posts"}],"about":[{"href":"http:\/\/enteculturalsantafesino.com.ar\/usina3\/wp-json\/wp\/v2\/types\/post"}],"author":[{"embeddable":true,"href":"http:\/\/enteculturalsantafesino.com.ar\/usina3\/wp-json\/wp\/v2\/users\/3"}],"replies":[{"embeddable":true,"href":"http:\/\/enteculturalsantafesino.com.ar\/usina3\/wp-json\/wp\/v2\/comments?post=15525"}],"version-history":[{"count":1,"href":"http:\/\/enteculturalsantafesino.com.ar\/usina3\/wp-json\/wp\/v2\/posts\/15525\/revisions"}],"predecessor-version":[{"id":15527,"href":"http:\/\/enteculturalsantafesino.com.ar\/usina3\/wp-json\/wp\/v2\/posts\/15525\/revisions\/15527"}],"wp:featuredmedia":[{"embeddable":true,"href":"http:\/\/enteculturalsantafesino.com.ar\/usina3\/wp-json\/wp\/v2\/media\/15526"}],"wp:attachment":[{"href":"http:\/\/enteculturalsantafesino.com.ar\/usina3\/wp-json\/wp\/v2\/media?parent=15525"}],"wp:term":[{"taxonomy":"category","embeddable":true,"href":"http:\/\/enteculturalsantafesino.com.ar\/usina3\/wp-json\/wp\/v2\/categories?post=15525"},{"taxonomy":"post_tag","embeddable":true,"href":"http:\/\/enteculturalsantafesino.com.ar\/usina3\/wp-json\/wp\/v2\/tags?post=15525"}],"curies":[{"name":"wp","href":"https:\/\/api.w.org\/{rel}","templated":true}]}}