{"id":15596,"date":"2026-04-27T23:56:12","date_gmt":"2026-04-27T23:56:12","guid":{"rendered":"https:\/\/enteculturalsantafesino.com.ar\/usina3\/?p=15596"},"modified":"2026-04-27T23:56:16","modified_gmt":"2026-04-27T23:56:16","slug":"la-pasion-en-mi-piel-la-muestra-itinerante-rumbo-al-mundial-2026","status":"publish","type":"post","link":"http:\/\/enteculturalsantafesino.com.ar\/usina3\/2026\/04\/la-pasion-en-mi-piel-la-muestra-itinerante-rumbo-al-mundial-2026\/","title":{"rendered":"\u00abLa Pasi\u00f3n en mi piel \u00bb la muestra itinerante rumbo al Mundial 2026."},"content":{"rendered":"\n<p>En el marco del \u00abMundial de F\u00fatbol 2026\u00bb el Ente Cultural Santafesino junto al Ente Cultural Cordob\u00e9s, convocan a todos los clubes deportivos de sus comunidades a ser parte de un proyecto hist\u00f3rico.<\/p>\n\n\n\n<p><em>\u00bfDe qu\u00e9 se trata?<\/em><br>Recolectaremos las camisetas de los clubes que nacen en el interior santafesino y cordob\u00e9s para crear \u00abLa Pasi\u00f3n en mi piel\u00bb, una muestra itinerante que recorrer\u00e1 ambas provincias.<\/p>\n\n\n\n<p>Unir al f\u00fatbol del interior en un mismo grito. Que cada camiseta cuente una historia. Que cada pueblo se vea reflejado en esta muestra que viaja.<\/p>\n\n\n\n<p><em>\u00bfSos de un club del interior?<\/em><br>Sum\u00e1 tu camiseta. Sum\u00e1 tu historia. Sum\u00e1 tu pasi\u00f3n.<\/p>\n","protected":false},"excerpt":{"rendered":"<p>En el marco del \u00abMundial de F\u00fatbol 2026\u00bb el Ente Cultural Santafesino junto al Ente Cultural Cordob\u00e9s, [&hellip;]<\/p>\n","protected":false},"author":3,"featured_media":15597,"comment_status":"open","ping_status":"open","sticky":false,"template":"","format":"standard","meta":{"_jetpack_memberships_contains_paid_content":false,"footnotes":"","jetpack_publicize_message":"","jetpack_publicize_feature_enabled":true,"jetpack_social_post_already_shared":true,"jetpack_social_options":{"image_generator_settings":{"template":"highway","enabled":false}}},"categories":[4],"tags":[],"jetpack_publicize_connections":[],"jetpack_featured_media_url":"http:\/\/enteculturalsantafesino.com.ar\/usina3\/wp-content\/uploads\/2026\/04\/c914229c-5fea-4380-a7d4-5445a5644965.jpg","jetpack_sharing_enabled":true,"_links":{"self":[{"href":"http:\/\/enteculturalsantafesino.com.ar\/usina3\/wp-json\/wp\/v2\/posts\/15596"}],"collection":[{"href":"http:\/\/enteculturalsantafesino.com.ar\/usina3\/wp-json\/wp\/v2\/posts"}],"about":[{"href":"http:\/\/enteculturalsantafesino.com.ar\/usina3\/wp-json\/wp\/v2\/types\/post"}],"author":[{"embeddable":true,"href":"http:\/\/enteculturalsantafesino.com.ar\/usina3\/wp-json\/wp\/v2\/users\/3"}],"replies":[{"embeddable":true,"href":"http:\/\/enteculturalsantafesino.com.ar\/usina3\/wp-json\/wp\/v2\/comments?post=15596"}],"version-history":[{"count":1,"href":"http:\/\/enteculturalsantafesino.com.ar\/usina3\/wp-json\/wp\/v2\/posts\/15596\/revisions"}],"predecessor-version":[{"id":15598,"href":"http:\/\/enteculturalsantafesino.com.ar\/usina3\/wp-json\/wp\/v2\/posts\/15596\/revisions\/15598"}],"wp:featuredmedia":[{"embeddable":true,"href":"http:\/\/enteculturalsantafesino.com.ar\/usina3\/wp-json\/wp\/v2\/media\/15597"}],"wp:attachment":[{"href":"http:\/\/enteculturalsantafesino.com.ar\/usina3\/wp-json\/wp\/v2\/media?parent=15596"}],"wp:term":[{"taxonomy":"category","embeddable":true,"href":"http:\/\/enteculturalsantafesino.com.ar\/usina3\/wp-json\/wp\/v2\/categories?post=15596"},{"taxonomy":"post_tag","embeddable":true,"href":"http:\/\/enteculturalsantafesino.com.ar\/usina3\/wp-json\/wp\/v2\/tags?post=15596"}],"curies":[{"name":"wp","href":"https:\/\/api.w.org\/{rel}","templated":true}]}}