{"id":15599,"date":"2026-04-29T22:45:41","date_gmt":"2026-04-29T22:45:41","guid":{"rendered":"https:\/\/enteculturalsantafesino.com.ar\/usina3\/?p=15599"},"modified":"2026-04-29T22:59:02","modified_gmt":"2026-04-29T22:59:02","slug":"en-villada-se-desarrollo-la-primera-reunion-de-la-usina-cultural-iii-sur","status":"publish","type":"post","link":"http:\/\/enteculturalsantafesino.com.ar\/usina3\/2026\/04\/en-villada-se-desarrollo-la-primera-reunion-de-la-usina-cultural-iii-sur\/","title":{"rendered":"En Villada se desarroll\u00f3 la primera reuni\u00f3n de la Usina Cultural III (sur)"},"content":{"rendered":"\n<p>En la comunidad del dpto Caseros mi\u00e9rcoles 29 se llev\u00f3 a cabo la primera reuni\u00f3n de trabajo de la Usina Cultural III.<\/p>\n\n\n\n<p>La misma cont\u00f3 con la presencia de las Directores de la Usina, autoridades y referentes culturales de las comunidades que integran dicha regi\u00f3n cultural.<\/p>\n\n\n\n<p>El temario abordado cont\u00f3 con la definici\u00f3n del cronograma de los distintos programas:\u00a0\u201cForma y Color\u00bb , \u00abTerru\u00f1o\u00bb, \u00abConsejo Cultural Joven,\u00a0 \u201cOjos de Santa Fe\u00bb, \u201cClave de Cuento\u201d, \u201cDe Pueblo en Pueblo\u201d, \u201cArte en Pelotas\u201d , \u00abLas Nanas de Cecilia\u201d y \u00abCapacitaci\u00f3n en Redes\u00bb.<\/p>\n\n\n\n<p>La Usina Cultural III se encuentra integrada por:&nbsp; Villada, Los Molinos, Chabas, Santa Isabel, Firmat, Ca\u00f1ada del Ucle, Arequito, Godeken, Carmen, Villa Ca\u00f1as, M\u00e1ximo Paz y Labordeboy<\/p>\n","protected":false},"excerpt":{"rendered":"<p>En la comunidad del dpto Caseros mi\u00e9rcoles 29 se llev\u00f3 a cabo la primera reuni\u00f3n de trabajo [&hellip;]<\/p>\n","protected":false},"author":3,"featured_media":15600,"comment_status":"open","ping_status":"open","sticky":false,"template":"","format":"standard","meta":{"_jetpack_memberships_contains_paid_content":false,"footnotes":"","jetpack_publicize_message":"","jetpack_publicize_feature_enabled":true,"jetpack_social_post_already_shared":true,"jetpack_social_options":{"image_generator_settings":{"template":"highway","enabled":false}}},"categories":[4,34],"tags":[],"jetpack_publicize_connections":[],"jetpack_featured_media_url":"http:\/\/enteculturalsantafesino.com.ar\/usina3\/wp-content\/uploads\/2026\/04\/447e861c-2bc1-411a-a28a-b1249852d743.jpg","jetpack_sharing_enabled":true,"_links":{"self":[{"href":"http:\/\/enteculturalsantafesino.com.ar\/usina3\/wp-json\/wp\/v2\/posts\/15599"}],"collection":[{"href":"http:\/\/enteculturalsantafesino.com.ar\/usina3\/wp-json\/wp\/v2\/posts"}],"about":[{"href":"http:\/\/enteculturalsantafesino.com.ar\/usina3\/wp-json\/wp\/v2\/types\/post"}],"author":[{"embeddable":true,"href":"http:\/\/enteculturalsantafesino.com.ar\/usina3\/wp-json\/wp\/v2\/users\/3"}],"replies":[{"embeddable":true,"href":"http:\/\/enteculturalsantafesino.com.ar\/usina3\/wp-json\/wp\/v2\/comments?post=15599"}],"version-history":[{"count":2,"href":"http:\/\/enteculturalsantafesino.com.ar\/usina3\/wp-json\/wp\/v2\/posts\/15599\/revisions"}],"predecessor-version":[{"id":15602,"href":"http:\/\/enteculturalsantafesino.com.ar\/usina3\/wp-json\/wp\/v2\/posts\/15599\/revisions\/15602"}],"wp:featuredmedia":[{"embeddable":true,"href":"http:\/\/enteculturalsantafesino.com.ar\/usina3\/wp-json\/wp\/v2\/media\/15600"}],"wp:attachment":[{"href":"http:\/\/enteculturalsantafesino.com.ar\/usina3\/wp-json\/wp\/v2\/media?parent=15599"}],"wp:term":[{"taxonomy":"category","embeddable":true,"href":"http:\/\/enteculturalsantafesino.com.ar\/usina3\/wp-json\/wp\/v2\/categories?post=15599"},{"taxonomy":"post_tag","embeddable":true,"href":"http:\/\/enteculturalsantafesino.com.ar\/usina3\/wp-json\/wp\/v2\/tags?post=15599"}],"curies":[{"name":"wp","href":"https:\/\/api.w.org\/{rel}","templated":true}]}}