{"id":6894,"date":"2012-10-31T19:56:33","date_gmt":"2012-10-31T19:56:33","guid":{"rendered":"http:\/\/entecultura.com.ar\/noticias\/?p=6894"},"modified":"2012-10-31T19:56:33","modified_gmt":"2012-10-31T19:56:33","slug":"santa-isabel-se-suma-al-ente-regional-de-cultura","status":"publish","type":"post","link":"http:\/\/enteculturalsantafesino.com.ar\/usina3\/2012\/10\/santa-isabel-se-suma-al-ente-regional-de-cultura\/","title":{"rendered":"SANTA ISABEL SE SUMA AL ENTE REGIONAL DE CULTURA"},"content":{"rendered":"<p>Con la finalidad de generar\u00a0los espacios de promoci\u00f3n y difusi\u00f3n desde la <a href=\"http:\/\/enteculturalsantafesino.com.ar\/usina1\/wp-content\/uploads\/2012\/10\/Ultimo-Mapa-ERC.png\" rel=\"lightbox[6894]\"><img loading=\"lazy\" decoding=\"async\" class=\"alignright size-medium wp-image-6895\" title=\"Ultimo Mapa ERC\" src=\"http:\/\/enteculturalsantafesino.com.ar\/usina1\/wp-content\/uploads\/2012\/10\/Ultimo-Mapa-ERC-300x196.png\" alt=\"\" width=\"300\" height=\"196\" \/><\/a><\/p>\n<p>tarea de \u00abregionalizaci\u00f3n\u00bb a trav\u00e9s del desarrollo productivo y cultural de nuestras comunidades santafesinas. El <a href=\"http:\/\/www.enteregionalcultura.com.ar\"><em>Ente Regional de Cultura<\/em><\/a> a trav\u00e9s de la solicitud del Sr. <strong>Presidente<\/strong> <strong>Comunal Mario Kovacevik y el Coordinador de Cultura Sr. Oscar Milanesi<\/strong>\u00a0tienen el placer y satisfacci\u00f3n de informar que la <a href=\"http:\/\/www.comunasantaisabel.com.ar\/\"><strong>Comuna de Santa Isabel<\/strong> <\/a>se transforma en\u00a0un nuevo adherente de esta Asociaci\u00f3n Cultural. Dicho organismo posibilitar\u00e1 la interacci\u00f3n activa de los distintos organismos culturales de cada comunidad participante, logrando acuerdos y pol\u00edticas que reflejen una mayor y mejor jerarquizaci\u00f3n en las gestiones culturales.<\/p>\n<h5><span style=\"text-decoration: underline;\">Santa Isabel<\/span><\/h5>\n<div>Para los que no conocen: <a href=\"http:\/\/www.comunasantaisabel.com.ar\/\">Santa Isabel<\/a> se encuentra ubicado en el departamento Gral. L\u00f3pez, provincia de Santa Fe, a la vera de la Ruta Provincial N\u00ba 94, a 5 Km. de la Ruta Nacional N\u00ba 8, en el Km. 340. Sus coordenadas geogr\u00e1ficas son: 33\u00ba 53&#8242; 18\u00bb latitud Sur &#8211; 61\u00ba 41&#8242; 36\u00bb longitud Oeste. La jurisdicci\u00f3n de Santa Isabel , de 37.000 has., est\u00e1 surcada por tres l\u00edneas f\u00e9rreas, dos rutas provinciales (14 y 94) y una ruta nacional (8).<\/div>\n<p>&nbsp;<\/p>\n","protected":false},"excerpt":{"rendered":"<p>Con la finalidad de generar\u00a0los espacios de promoci\u00f3n y difusi\u00f3n desde la tarea de \u00abregionalizaci\u00f3n\u00bb a trav\u00e9s [&hellip;]<\/p>\n","protected":false},"author":3,"featured_media":0,"comment_status":"open","ping_status":"open","sticky":false,"template":"","format":"standard","meta":{"_jetpack_memberships_contains_paid_content":false,"footnotes":"","jetpack_publicize_message":"","jetpack_publicize_feature_enabled":true,"jetpack_social_post_already_shared":false,"jetpack_social_options":{"image_generator_settings":{"template":"highway","enabled":false}}},"categories":[3],"tags":[],"jetpack_publicize_connections":[],"jetpack_featured_media_url":"","jetpack_sharing_enabled":true,"_links":{"self":[{"href":"http:\/\/enteculturalsantafesino.com.ar\/usina3\/wp-json\/wp\/v2\/posts\/6894"}],"collection":[{"href":"http:\/\/enteculturalsantafesino.com.ar\/usina3\/wp-json\/wp\/v2\/posts"}],"about":[{"href":"http:\/\/enteculturalsantafesino.com.ar\/usina3\/wp-json\/wp\/v2\/types\/post"}],"author":[{"embeddable":true,"href":"http:\/\/enteculturalsantafesino.com.ar\/usina3\/wp-json\/wp\/v2\/users\/3"}],"replies":[{"embeddable":true,"href":"http:\/\/enteculturalsantafesino.com.ar\/usina3\/wp-json\/wp\/v2\/comments?post=6894"}],"version-history":[{"count":0,"href":"http:\/\/enteculturalsantafesino.com.ar\/usina3\/wp-json\/wp\/v2\/posts\/6894\/revisions"}],"wp:attachment":[{"href":"http:\/\/enteculturalsantafesino.com.ar\/usina3\/wp-json\/wp\/v2\/media?parent=6894"}],"wp:term":[{"taxonomy":"category","embeddable":true,"href":"http:\/\/enteculturalsantafesino.com.ar\/usina3\/wp-json\/wp\/v2\/categories?post=6894"},{"taxonomy":"post_tag","embeddable":true,"href":"http:\/\/enteculturalsantafesino.com.ar\/usina3\/wp-json\/wp\/v2\/tags?post=6894"}],"curies":[{"name":"wp","href":"https:\/\/api.w.org\/{rel}","templated":true}]}}