{"id":6900,"date":"2012-10-31T21:50:08","date_gmt":"2012-10-31T21:50:08","guid":{"rendered":"http:\/\/entecultura.com.ar\/noticias\/?p=6900"},"modified":"2012-10-31T21:50:08","modified_gmt":"2012-10-31T21:50:08","slug":"tiempos-de-valientes-cine-nacional-en-santa-isabel","status":"publish","type":"post","link":"http:\/\/enteculturalsantafesino.com.ar\/usina3\/2012\/10\/tiempos-de-valientes-cine-nacional-en-santa-isabel\/","title":{"rendered":"\u00abTIEMPOS DE VALIENTES\u00bb CINE NACIONAL EN SANTA ISABEL"},"content":{"rendered":"<p>Esta noche, mi\u00e9rcoles 31 de octubre, desde las 21:00, el Grupo Telecine <a href=\"http:\/\/enteculturalsantafesino.com.ar\/usina1\/wp-content\/uploads\/2012\/10\/valientes.jpg\" rel=\"lightbox[6900]\"><img loading=\"lazy\" decoding=\"async\" class=\"alignright size-medium wp-image-6901\" title=\"valientes\" src=\"http:\/\/enteculturalsantafesino.com.ar\/usina1\/wp-content\/uploads\/2012\/10\/valientes-300x225.jpg\" alt=\"\" width=\"300\" height=\"225\" \/><\/a><\/p>\n<p>presenta en\u00a0 el Complejo Cultural Centenario otra funci\u00f3n de cine nacional gratuito dentro\u00a0 del ciclo denominado \u00abLa Argentinidad al Palo\u00bb.<\/p>\n<p>Se proyectar\u00e1 la comedia de acci\u00f3n \u00abTiempo de Valientes\u00bb.<\/p>\n<p><strong>Tiempo de Valientes<\/strong><\/p>\n<p>Mariano\u00a0Silverstein (Diego Peretti) es un psicoanalista que a ra\u00edz de\u00a0un accidente de tr\u00e1fico est\u00e1 involucrado en un juicio penal.<\/p>\n<p>Aconsejado por su abogado solicita al juez una <em>probation<\/em>, figura legal por la que un juicio se suspende y el acusado, en\u00a0\u00a0\u00a0\u00a0\u00a0\u00a0\u00a0\u00a0\u00a0\u00a0\u00a0\u00a0\u00a0\u00a0\u00a0\u00a0\u00a0 lugar de recibir una condena, se compromete a realizar tareas\u00a0comunitarias dentro de su actividad. La tarea que el juez asigna\u00a0\u00a0\u00a0\u00a0\u00a0\u00a0 a Silverstein es la de atender a Alfredo D\u00edaz (Luis Luque), un\u00a0inspector de la Polic\u00eda Federal an\u00edmicamente devastado por la\u00a0\u00a0\u00a0\u00a0\u00a0\u00a0\u00a0\u00a0\u00a0\u00a0\u00a0 infidelidad de su mujer.As\u00ed es como Silverstein debe improvisar\u00a0una itinerante sesi\u00f3n de psicoan\u00e1lisis mientras acompa\u00f1a a D\u00edaz\u00a0 en la investigaci\u00f3n de un crimen, sumergi\u00e9ndose progresivamente\u00a0en el universo policial. Pero eventos fuera de programa\u00a0\u00a0\u00a0\u00a0\u00a0\u00a0\u00a0\u00a0\u00a0\u00a0\u00a0\u00a0\u00a0\u00a0\u00a0 disparar\u00e1n la trama hacia zonas inesperadas, obligando a nuestros h\u00e9roes a enfrentarse a grandes peligros, f\u00edsicos y\u00a0\u00a0\u00a0\u00a0\u00a0\u00a0\u00a0\u00a0\u00a0\u00a0\u00a0\u00a0 emocionales, para los que, por supuesto, no estar\u00e1n preparados.<\/p>\n","protected":false},"excerpt":{"rendered":"<p>Esta noche, mi\u00e9rcoles 31 de octubre, desde las 21:00, el Grupo Telecine presenta en\u00a0 el Complejo Cultural [&hellip;]<\/p>\n","protected":false},"author":3,"featured_media":0,"comment_status":"open","ping_status":"open","sticky":false,"template":"","format":"standard","meta":{"_jetpack_memberships_contains_paid_content":false,"footnotes":"","jetpack_publicize_message":"","jetpack_publicize_feature_enabled":true,"jetpack_social_post_already_shared":false,"jetpack_social_options":{"image_generator_settings":{"template":"highway","enabled":false}}},"categories":[3],"tags":[],"jetpack_publicize_connections":[],"jetpack_featured_media_url":"","jetpack_sharing_enabled":true,"_links":{"self":[{"href":"http:\/\/enteculturalsantafesino.com.ar\/usina3\/wp-json\/wp\/v2\/posts\/6900"}],"collection":[{"href":"http:\/\/enteculturalsantafesino.com.ar\/usina3\/wp-json\/wp\/v2\/posts"}],"about":[{"href":"http:\/\/enteculturalsantafesino.com.ar\/usina3\/wp-json\/wp\/v2\/types\/post"}],"author":[{"embeddable":true,"href":"http:\/\/enteculturalsantafesino.com.ar\/usina3\/wp-json\/wp\/v2\/users\/3"}],"replies":[{"embeddable":true,"href":"http:\/\/enteculturalsantafesino.com.ar\/usina3\/wp-json\/wp\/v2\/comments?post=6900"}],"version-history":[{"count":0,"href":"http:\/\/enteculturalsantafesino.com.ar\/usina3\/wp-json\/wp\/v2\/posts\/6900\/revisions"}],"wp:attachment":[{"href":"http:\/\/enteculturalsantafesino.com.ar\/usina3\/wp-json\/wp\/v2\/media?parent=6900"}],"wp:term":[{"taxonomy":"category","embeddable":true,"href":"http:\/\/enteculturalsantafesino.com.ar\/usina3\/wp-json\/wp\/v2\/categories?post=6900"},{"taxonomy":"post_tag","embeddable":true,"href":"http:\/\/enteculturalsantafesino.com.ar\/usina3\/wp-json\/wp\/v2\/tags?post=6900"}],"curies":[{"name":"wp","href":"https:\/\/api.w.org\/{rel}","templated":true}]}}