{"id":7100,"date":"2012-11-10T17:01:49","date_gmt":"2012-11-10T17:01:49","guid":{"rendered":"http:\/\/entecultura.com.ar\/noticias\/?p=7100"},"modified":"2012-11-10T17:01:49","modified_gmt":"2012-11-10T17:01:49","slug":"santa-isabel-uruguayos-en-busca-de-su-historia-familiar","status":"publish","type":"post","link":"http:\/\/enteculturalsantafesino.com.ar\/usina3\/2012\/11\/santa-isabel-uruguayos-en-busca-de-su-historia-familiar\/","title":{"rendered":"SANTA ISABEL: URUGUAYOS EN BUSCA DE SU HISTORIA FAMILIAR."},"content":{"rendered":"<p><span style=\"color: #101314; font-family: Arial;\"><span style=\"color: #101314; font-family: Verdana;\">La pareja de uruguayos conformada por la Sra. Betty Varella y el <a href=\"http:\/\/enteculturalsantafesino.com.ar\/usina1\/wp-content\/uploads\/2012\/11\/cepellini.jpg\" rel=\"lightbox[7100]\"><img loading=\"lazy\" decoding=\"async\" class=\"alignright size-medium wp-image-7101\" title=\"cepellini\" src=\"http:\/\/enteculturalsantafesino.com.ar\/usina1\/wp-content\/uploads\/2012\/11\/cepellini-300x199.jpg\" alt=\"\" width=\"300\" height=\"199\" \/><\/a><\/span><\/span><\/p>\n<p><span style=\"color: #101314; font-family: Arial;\"><span style=\"color: #101314; font-family: Verdana;\">Sr. Daniel Cepellini visitaron Santa Isabel el viernes 2 de noviembre en busca de datos sobre uno de sus antepasados que vivi\u00f3 en la localidad; el Sr. Pac\u00edfico Cepellini, quien falleciera en 1967.<\/span><\/span><\/p>\n<p><span style=\"color: #101314; font-family: Verdana;\"> Pac\u00edfico a\u00fan es recordado por los m\u00e1s grandes de cuando trabajaba en la cocina del Hotel Central y en una huerta que este comercio ten\u00eda en la esquina de Santa Fe y 25 de Mayo. <\/span><\/p>\n<p><span style=\"color: #101314; font-family: Verdana;\"> En la b\u00fasqueda de los lazos que lo vinculan a esta persona, Daniel Cepellini estableci\u00f3 contacto con la Comuna de Santa Isabel solicitando los datos que pudieran haber sobre su t\u00edo Pac\u00edfico. Fue as\u00ed que la Sra. Zulma Ribas, del Departamento Cementerio, le suministr\u00f3 informaci\u00f3n valiosa para poder armar la historia de esta familia de inmigrantes italianos que se establecieron en Uruguay y de la cual uno de sus miembros vivi\u00f3 en nuestra localidad, facilit\u00e1ndoles, adem\u00e1s, datos para su llegada y permanencia en Santa Isabel.<\/span><\/p>\n<p><span style=\"color: #101314; font-family: Verdana;\"> La visita a nuestro pueblo les permiti\u00f3 compartir historias y an\u00e9cdotas de este pariente del que ten\u00edan escasas informaciones.<\/span><\/p>\n<p><span style=\"color: #101314; font-family: Verdana;\"> Tras una recorrida por Santa Isabel y una visita a la necr\u00f3polis, la pareja uruguaya fue recibida por el Presidente Comunal, Mario Kovacevic, y por el Secretario de Gobierno, Eduardo Teppaz junto a la Sra. Zulma Ribas. Compartieron un agradable momento de charla y amistad en la que los visitantes extranjeros recibieron obsequios representativos de Santa Isabel y del pa\u00eds.<\/span><\/p>\n<p>&nbsp;<\/p>\n","protected":false},"excerpt":{"rendered":"<p>La pareja de uruguayos conformada por la Sra. Betty Varella y el Sr. Daniel Cepellini visitaron Santa [&hellip;]<\/p>\n","protected":false},"author":3,"featured_media":0,"comment_status":"open","ping_status":"open","sticky":false,"template":"","format":"standard","meta":{"_jetpack_memberships_contains_paid_content":false,"footnotes":"","jetpack_publicize_message":"","jetpack_publicize_feature_enabled":true,"jetpack_social_post_already_shared":false,"jetpack_social_options":{"image_generator_settings":{"template":"highway","enabled":false}}},"categories":[3],"tags":[],"jetpack_publicize_connections":[],"jetpack_featured_media_url":"","jetpack_sharing_enabled":true,"_links":{"self":[{"href":"http:\/\/enteculturalsantafesino.com.ar\/usina3\/wp-json\/wp\/v2\/posts\/7100"}],"collection":[{"href":"http:\/\/enteculturalsantafesino.com.ar\/usina3\/wp-json\/wp\/v2\/posts"}],"about":[{"href":"http:\/\/enteculturalsantafesino.com.ar\/usina3\/wp-json\/wp\/v2\/types\/post"}],"author":[{"embeddable":true,"href":"http:\/\/enteculturalsantafesino.com.ar\/usina3\/wp-json\/wp\/v2\/users\/3"}],"replies":[{"embeddable":true,"href":"http:\/\/enteculturalsantafesino.com.ar\/usina3\/wp-json\/wp\/v2\/comments?post=7100"}],"version-history":[{"count":0,"href":"http:\/\/enteculturalsantafesino.com.ar\/usina3\/wp-json\/wp\/v2\/posts\/7100\/revisions"}],"wp:attachment":[{"href":"http:\/\/enteculturalsantafesino.com.ar\/usina3\/wp-json\/wp\/v2\/media?parent=7100"}],"wp:term":[{"taxonomy":"category","embeddable":true,"href":"http:\/\/enteculturalsantafesino.com.ar\/usina3\/wp-json\/wp\/v2\/categories?post=7100"},{"taxonomy":"post_tag","embeddable":true,"href":"http:\/\/enteculturalsantafesino.com.ar\/usina3\/wp-json\/wp\/v2\/tags?post=7100"}],"curies":[{"name":"wp","href":"https:\/\/api.w.org\/{rel}","templated":true}]}}