{"id":7325,"date":"2012-11-23T11:39:33","date_gmt":"2012-11-23T11:39:33","guid":{"rendered":"http:\/\/entecultura.com.ar\/noticias\/?p=7325"},"modified":"2012-11-23T11:39:33","modified_gmt":"2012-11-23T11:39:33","slug":"santa-isabel-donan-equipamiento-para-el-complejo-cultural","status":"publish","type":"post","link":"http:\/\/enteculturalsantafesino.com.ar\/usina3\/2012\/11\/santa-isabel-donan-equipamiento-para-el-complejo-cultural\/","title":{"rendered":"SANTA ISABEL: DONAN EQUIPAMIENTO PARA EL COMPLEJO CULTURAL"},"content":{"rendered":"<p>El Complejo Cultural Centenario ha sumado nuevo equipamiento y mejoras <a href=\"http:\/\/enteculturalsantafesino.com.ar\/usina1\/wp-content\/uploads\/2012\/11\/SANTA-ISABEL-1.png\" rel=\"lightbox[7325]\"><img loading=\"lazy\" decoding=\"async\" class=\"alignright size-medium wp-image-7326\" title=\"SANTA ISABEL 1\" src=\"http:\/\/enteculturalsantafesino.com.ar\/usina1\/wp-content\/uploads\/2012\/11\/SANTA-ISABEL-1-300x199.png\" alt=\"\" width=\"300\" height=\"199\" \/><\/a><\/p>\n<p>a partir de donativos realizados en los \u00faltimos meses por distintos grupos de personas.<\/p>\n<div align=\"left\">Uno de ellos es el aporte realizado por el grupo de teatro \u00abEnsayo\u00bb que, tras la puesta en escena de la pieza teatral Eva y Victoria adquiri\u00f3, en el mes de octubre, equipos de sonido e iluminaci\u00f3n que ya est\u00e1n disponibles para ser utilizados en el escenario de la sala. Se trata de una consola de sonido de seis canales y dos reflectores de foco cenital que fueron costeados con el producto de la venta de entradas para el espect\u00e1culo.<\/div>\n<div align=\"left\"><\/div>\n<div align=\"left\">La versi\u00f3n del grupo \u00abEnsayo\u00bb de Eva y Victoria se puso en escena el 15 de junio pasado con la actuaci\u00f3n de Andrea Fazzio, Mar\u00eda Fernanda Lombardi y Laura Tosacano. En la obra, dirigida por Oscar Milanesi, tambi\u00e9n colaboraron, en distintas \u00e1reas, Ana <a href=\"http:\/\/enteculturalsantafesino.com.ar\/usina1\/wp-content\/uploads\/2012\/11\/SANTA-ISABEL-2.png\" rel=\"lightbox[7325]\"><img loading=\"lazy\" decoding=\"async\" class=\"alignright size-medium wp-image-7327\" title=\"SANTA ISABEL 2\" src=\"http:\/\/enteculturalsantafesino.com.ar\/usina1\/wp-content\/uploads\/2012\/11\/SANTA-ISABEL-2-300x225.png\" alt=\"\" width=\"300\" height=\"225\" \/><\/a>Bel\u00e9n Pav\u00f3n, Luis Garay, Silvia Coria, Emiliano Lettieri, Gerardo Gobbi y Paulo Milanesi.<\/div>\n<div align=\"left\"><\/div>\n<div align=\"left\">Por otra parte, el C\u00edrculo Social y Deportivo General Belgrano instal\u00f3 en la zona de camarines una nueva escalera para que los artistas puedan ingresar, con mayor comodidad, desde los mismos hasta el escenario.<\/div>\n<div align=\"left\"><\/div>\n<div align=\"left\">Este aporte, realizado en los \u00faltimos d\u00edas con motivo de presentarse la Escuela de Danzas de la Instituci\u00f3n, es de gran importancia para todas las personas que trabajan en espect\u00e1culos ya que la escalera que se estaba utilizando ten\u00eda un dise\u00f1o que dificultaba su utilizaci\u00f3n, adem\u00e1s de encontrarse en el final de su vida \u00fatil.<\/div>\n<div align=\"left\"><\/div>\n<div align=\"left\">La Comuna de Santa Isabel, a trav\u00e9s del \u00c1rea de Cultura, agradece infinitamente a todas estas personas e instituciones que aportan para engrandecer al Complejo Cultural Centenario, legado para las futuras generaciones establecido al cumplirse los cien a\u00f1os de la localidad.<\/div>\n","protected":false},"excerpt":{"rendered":"<p>El Complejo Cultural Centenario ha sumado nuevo equipamiento y mejoras a partir de donativos realizados en los [&hellip;]<\/p>\n","protected":false},"author":3,"featured_media":0,"comment_status":"open","ping_status":"open","sticky":false,"template":"","format":"standard","meta":{"_jetpack_memberships_contains_paid_content":false,"footnotes":"","jetpack_publicize_message":"","jetpack_publicize_feature_enabled":true,"jetpack_social_post_already_shared":false,"jetpack_social_options":{"image_generator_settings":{"template":"highway","enabled":false}}},"categories":[3],"tags":[],"jetpack_publicize_connections":[],"jetpack_featured_media_url":"","jetpack_sharing_enabled":true,"_links":{"self":[{"href":"http:\/\/enteculturalsantafesino.com.ar\/usina3\/wp-json\/wp\/v2\/posts\/7325"}],"collection":[{"href":"http:\/\/enteculturalsantafesino.com.ar\/usina3\/wp-json\/wp\/v2\/posts"}],"about":[{"href":"http:\/\/enteculturalsantafesino.com.ar\/usina3\/wp-json\/wp\/v2\/types\/post"}],"author":[{"embeddable":true,"href":"http:\/\/enteculturalsantafesino.com.ar\/usina3\/wp-json\/wp\/v2\/users\/3"}],"replies":[{"embeddable":true,"href":"http:\/\/enteculturalsantafesino.com.ar\/usina3\/wp-json\/wp\/v2\/comments?post=7325"}],"version-history":[{"count":0,"href":"http:\/\/enteculturalsantafesino.com.ar\/usina3\/wp-json\/wp\/v2\/posts\/7325\/revisions"}],"wp:attachment":[{"href":"http:\/\/enteculturalsantafesino.com.ar\/usina3\/wp-json\/wp\/v2\/media?parent=7325"}],"wp:term":[{"taxonomy":"category","embeddable":true,"href":"http:\/\/enteculturalsantafesino.com.ar\/usina3\/wp-json\/wp\/v2\/categories?post=7325"},{"taxonomy":"post_tag","embeddable":true,"href":"http:\/\/enteculturalsantafesino.com.ar\/usina3\/wp-json\/wp\/v2\/tags?post=7325"}],"curies":[{"name":"wp","href":"https:\/\/api.w.org\/{rel}","templated":true}]}}