{"id":7571,"date":"2012-12-04T20:10:06","date_gmt":"2012-12-04T20:10:06","guid":{"rendered":"http:\/\/entecultura.com.ar\/noticias\/?p=7571"},"modified":"2012-12-04T20:10:06","modified_gmt":"2012-12-04T20:10:06","slug":"santa-isabel-se-realizo-el-acto-de-cierre-de-talleres-2012","status":"publish","type":"post","link":"http:\/\/enteculturalsantafesino.com.ar\/usina3\/2012\/12\/santa-isabel-se-realizo-el-acto-de-cierre-de-talleres-2012\/","title":{"rendered":"SANTA ISABEL: SE REALIZ\u00d3 EL ACTO DE CIERRE DE TALLERES 2012"},"content":{"rendered":"<p>El domingo pasado, 25 de noviembre, se realiz\u00f3 la muestra de Talleres 2012 <a href=\"http:\/\/enteculturalsantafesino.com.ar\/usina1\/wp-content\/uploads\/2012\/12\/TALLERES-S.-ISABEL.jpg\" rel=\"lightbox[7571]\"><img loading=\"lazy\" decoding=\"async\" class=\"alignright size-medium wp-image-7572\" title=\"TALLERES S. ISABEL\" src=\"http:\/\/enteculturalsantafesino.com.ar\/usina1\/wp-content\/uploads\/2012\/12\/TALLERES-S.-ISABEL-300x200.jpg\" alt=\"\" width=\"300\" height=\"200\" \/><\/a><\/p>\n<p>que se realizaron en el <span style=\"color: #101314; font-family: Verdana;\">C.C.C. (Complejo Cultural Centenario)<\/span><span style=\"color: #101314; font-family: Verdana;\"> con gran afluencia de p\u00fablico que pudo admirar los trabajos de m\u00e1s de ochenta alumnos en distintas especialidades.<\/span><\/p>\n<p align=\"left\"><span style=\"color: #101314; font-family: Verdana;\"> Se expusieron los trabajos aprendido durante el a\u00f1o en talleres de Accesorios (prof. Belkys Ortigosa), Cer\u00e1mica (prof.\u00a0 Laura Burgoa), Coro (prof. Rub\u00e9n M\u00e1rquez), Fotograf\u00eda (prof. Paulo Milanesi), Guitarra (Prof. Sebasti\u00e1n Medrano), Piano (prof.\u00a0 Egle Costa), Porcelana Fr\u00eda (prof. Carmen Marini) y Tango (prof. Ernesto Sunde)<\/span><span style=\"color: #101314; font-family: Verdana;\">. <\/span><\/p>\n<p align=\"left\"><span style=\"color: #101314; font-family: Verdana;\"> Luego de la apertura de la muestra los visitantes pudieron apreciar los trabajos de m\u00e1s de 80 alumnos tanto en la muestra est\u00e1tica como lo realizado en el escenario.<\/span><\/p>\n<p align=\"left\"><span style=\"color: #101314; font-family: Verdana;\"> La exposici\u00f3n estuvo organizada por el \u00c1rea de Cultura de la Comuna de Santa Isabel que a partir de 2008, tras el traspaso de la edificaci\u00f3n de la Sociedad Italiana a la Comuna con motivo del centenario de la localidad, impulsa las actividades art\u00edsticas y culturales en el C.C.C. <\/span><\/p>\n","protected":false},"excerpt":{"rendered":"<p>El domingo pasado, 25 de noviembre, se realiz\u00f3 la muestra de Talleres 2012 que se realizaron en [&hellip;]<\/p>\n","protected":false},"author":3,"featured_media":0,"comment_status":"open","ping_status":"open","sticky":false,"template":"","format":"standard","meta":{"_jetpack_memberships_contains_paid_content":false,"footnotes":"","jetpack_publicize_message":"","jetpack_publicize_feature_enabled":true,"jetpack_social_post_already_shared":false,"jetpack_social_options":{"image_generator_settings":{"template":"highway","enabled":false}}},"categories":[3],"tags":[],"jetpack_publicize_connections":[],"jetpack_featured_media_url":"","jetpack_sharing_enabled":true,"_links":{"self":[{"href":"http:\/\/enteculturalsantafesino.com.ar\/usina3\/wp-json\/wp\/v2\/posts\/7571"}],"collection":[{"href":"http:\/\/enteculturalsantafesino.com.ar\/usina3\/wp-json\/wp\/v2\/posts"}],"about":[{"href":"http:\/\/enteculturalsantafesino.com.ar\/usina3\/wp-json\/wp\/v2\/types\/post"}],"author":[{"embeddable":true,"href":"http:\/\/enteculturalsantafesino.com.ar\/usina3\/wp-json\/wp\/v2\/users\/3"}],"replies":[{"embeddable":true,"href":"http:\/\/enteculturalsantafesino.com.ar\/usina3\/wp-json\/wp\/v2\/comments?post=7571"}],"version-history":[{"count":0,"href":"http:\/\/enteculturalsantafesino.com.ar\/usina3\/wp-json\/wp\/v2\/posts\/7571\/revisions"}],"wp:attachment":[{"href":"http:\/\/enteculturalsantafesino.com.ar\/usina3\/wp-json\/wp\/v2\/media?parent=7571"}],"wp:term":[{"taxonomy":"category","embeddable":true,"href":"http:\/\/enteculturalsantafesino.com.ar\/usina3\/wp-json\/wp\/v2\/categories?post=7571"},{"taxonomy":"post_tag","embeddable":true,"href":"http:\/\/enteculturalsantafesino.com.ar\/usina3\/wp-json\/wp\/v2\/tags?post=7571"}],"curies":[{"name":"wp","href":"https:\/\/api.w.org\/{rel}","templated":true}]}}