{"id":7635,"date":"2012-12-08T23:54:27","date_gmt":"2012-12-08T23:54:27","guid":{"rendered":"http:\/\/entecultura.com.ar\/noticias\/?p=7635"},"modified":"2012-12-08T23:54:27","modified_gmt":"2012-12-08T23:54:27","slug":"santa-isabel-conociendo-mis-derechos-se-llevo-a-cabo-en-las-escuelas-primarias","status":"publish","type":"post","link":"http:\/\/enteculturalsantafesino.com.ar\/usina3\/2012\/12\/santa-isabel-conociendo-mis-derechos-se-llevo-a-cabo-en-las-escuelas-primarias\/","title":{"rendered":"SANTA ISABEL: \u00abCONOCIENDO MIS DERECHOS\u00bb SE LLEV\u00d3 A CABO EN LAS ESCUELAS PRIMARIAS."},"content":{"rendered":"<p>Promovido por el \u00c1rea Social de la Comuna, durante noviembre se desarroll\u00f3 <a href=\"http:\/\/enteculturalsantafesino.com.ar\/usina1\/wp-content\/uploads\/2012\/12\/DERECHOS.jpg\" rel=\"lightbox[7635]\"><img loading=\"lazy\" decoding=\"async\" class=\"alignright size-medium wp-image-7636\" title=\"DERECHOS\" src=\"http:\/\/enteculturalsantafesino.com.ar\/usina1\/wp-content\/uploads\/2012\/12\/DERECHOS-300x200.jpg\" alt=\"\" width=\"300\" height=\"200\" \/><\/a><\/p>\n<p>el proyecto \u201cConociendo mis Derechos\u201d que se llev\u00f3 a cabo en las escuelas N\u00ba 179 Y 779, <span style=\"color: #101314;\">contando con gran predisposici\u00f3n de directivos, docentes y alumnos. El mismo se hizo con <\/span>la intenci\u00f3n de introducir nuevos modos de considerar a los ni\u00f1os y ni\u00f1as y de poder traducirlos en ideas concretas, respetuosas de los derechos humanos de los ni\u00f1os y de sus familias.<\/p>\n<p>Las actividades estuvieron a cargo de la psic. Eugenia Fiasco y de Pablo Giorgis, acompa\u00f1ante ciudadano del equipo local de Ni\u00f1ez, Adolescencia y Familia.<\/p>\n<p><span style=\"color: #101314;\">De acuerdo a las edades de los ni\u00f1os se realizaron diferentes actividades tales como muestras de videos, juegos, reflexiones y representaciones efectuadas por ellos mismos. <\/span><\/p>\n<p>Tambi\u00e9n se hicieron dibujos a cargo de los alumnos de primero, segundo y tercer grado, reflejando el derecho que los mismos creen m\u00e1s importante. Los trabajos van a ser entregado por ellos mismos a las casas comerciales de la localidad.<\/p>\n<p>Por otra parte las cartas a los adultos de la localidad fueron escritas por los alumnos de cuarto, quinto, sexto y s\u00e9ptimo grado, expresando qu\u00e9 es ser ni\u00f1os hoy, qu\u00e9 les gusta, qu\u00e9 no y qu\u00e9 le pedir\u00edan a los adultos entre otras cuestiones.<\/p>\n<p>Las cartas en su totalidad, junto con algunos dibujos van a ser adjuntados con los impuestos comunales y \u201cSintesis Comunal\u201d, para que la sociedad en su conjunto pueda apreciarlos y reflexionar con ellos.<\/p>\n<p>Estas actividades se desarrollaron en el marco de la conmemoraci\u00f3n del 20 de noviembre, D\u00eda Internacional de la Declaraci\u00f3n de los Derechos del Ni\u00f1o, dictados en 1989.<\/p>\n<p>El cometido de estos talleres ha sido el de reforzar el trabajo realizado por las escuelas de la localidad acerca de los derechos de los ni\u00f1os, profundizar ciertos aspectos, escuchar sus voces, y prolongar el trabajo durante el a\u00f1o que viene.<\/p>\n<p>Durante el transcurso de los mismos se observaron actitudes, expresiones y manifestaciones de experiencias muy interesantes, lo que deja la sensaci\u00f3n de que es necesario planificar trabajos de la misma \u00edndole para el pr\u00f3ximo a\u00f1o lectivo.<\/p>\n","protected":false},"excerpt":{"rendered":"<p>Promovido por el \u00c1rea Social de la Comuna, durante noviembre se desarroll\u00f3 el proyecto \u201cConociendo mis Derechos\u201d [&hellip;]<\/p>\n","protected":false},"author":3,"featured_media":0,"comment_status":"open","ping_status":"open","sticky":false,"template":"","format":"standard","meta":{"_jetpack_memberships_contains_paid_content":false,"footnotes":"","jetpack_publicize_message":"","jetpack_publicize_feature_enabled":true,"jetpack_social_post_already_shared":false,"jetpack_social_options":{"image_generator_settings":{"template":"highway","enabled":false}}},"categories":[3],"tags":[],"jetpack_publicize_connections":[],"jetpack_featured_media_url":"","jetpack_sharing_enabled":true,"_links":{"self":[{"href":"http:\/\/enteculturalsantafesino.com.ar\/usina3\/wp-json\/wp\/v2\/posts\/7635"}],"collection":[{"href":"http:\/\/enteculturalsantafesino.com.ar\/usina3\/wp-json\/wp\/v2\/posts"}],"about":[{"href":"http:\/\/enteculturalsantafesino.com.ar\/usina3\/wp-json\/wp\/v2\/types\/post"}],"author":[{"embeddable":true,"href":"http:\/\/enteculturalsantafesino.com.ar\/usina3\/wp-json\/wp\/v2\/users\/3"}],"replies":[{"embeddable":true,"href":"http:\/\/enteculturalsantafesino.com.ar\/usina3\/wp-json\/wp\/v2\/comments?post=7635"}],"version-history":[{"count":0,"href":"http:\/\/enteculturalsantafesino.com.ar\/usina3\/wp-json\/wp\/v2\/posts\/7635\/revisions"}],"wp:attachment":[{"href":"http:\/\/enteculturalsantafesino.com.ar\/usina3\/wp-json\/wp\/v2\/media?parent=7635"}],"wp:term":[{"taxonomy":"category","embeddable":true,"href":"http:\/\/enteculturalsantafesino.com.ar\/usina3\/wp-json\/wp\/v2\/categories?post=7635"},{"taxonomy":"post_tag","embeddable":true,"href":"http:\/\/enteculturalsantafesino.com.ar\/usina3\/wp-json\/wp\/v2\/tags?post=7635"}],"curies":[{"name":"wp","href":"https:\/\/api.w.org\/{rel}","templated":true}]}}