{"id":7749,"date":"2012-12-14T15:29:53","date_gmt":"2012-12-14T15:29:53","guid":{"rendered":"http:\/\/entecultura.com.ar\/noticias\/?p=7749"},"modified":"2012-12-14T15:29:53","modified_gmt":"2012-12-14T15:29:53","slug":"santa-isabel-la-marrupena-camino-a-los-cuarenta","status":"publish","type":"post","link":"http:\/\/enteculturalsantafesino.com.ar\/usina3\/2012\/12\/santa-isabel-la-marrupena-camino-a-los-cuarenta\/","title":{"rendered":"SANTA ISABEL: LA MARRUPE\u00d1A CAMINO A LOS CUARENTA"},"content":{"rendered":"<p>El pr\u00f3ximo s\u00e1bado 15, desde las 21:00, en el Complejo Cultural Centenario se <a href=\"http:\/\/enteculturalsantafesino.com.ar\/usina1\/wp-content\/uploads\/2012\/12\/PE\u00d1A.jpg\" rel=\"lightbox[7749]\"><img loading=\"lazy\" decoding=\"async\" class=\"alignright size-medium wp-image-7750\" title=\"PE\u00d1A\" src=\"http:\/\/enteculturalsantafesino.com.ar\/usina1\/wp-content\/uploads\/2012\/12\/PE\u00d1A-300x76.jpg\" alt=\"\" width=\"300\" height=\"76\" \/><\/a><\/p>\n<p>realizar\u00e1 una pe\u00f1a folkl\u00f3rica con entrada libre y servicio de bufette organizado por la Escuela de Arte Folkl\u00f3rico La Marrupe\u00f1a.<br \/>\nEstar\u00e1n todos los alumnos de danza de La Marrupe\u00f1a, talleres de guitarra de Mar\u00eda Teresa y San Gregorio y los grupos \u201cMi Sentir\u201d y \u201cLas Voces del Interior\u201d.<br \/>\nEste cierre de actividades de 2012 tiene como meta los festejos que se producir\u00e1n a lo largo del pr\u00f3ximo a\u00f1o cuando en el mes de mayo La Marrupe\u00f1a cumpla 40 a\u00f1os de vida con la danza y la m\u00fasica argentina.<\/p>\n","protected":false},"excerpt":{"rendered":"<p>El pr\u00f3ximo s\u00e1bado 15, desde las 21:00, en el Complejo Cultural Centenario se realizar\u00e1 una pe\u00f1a folkl\u00f3rica [&hellip;]<\/p>\n","protected":false},"author":3,"featured_media":0,"comment_status":"open","ping_status":"open","sticky":false,"template":"","format":"standard","meta":{"_jetpack_memberships_contains_paid_content":false,"footnotes":"","jetpack_publicize_message":"","jetpack_publicize_feature_enabled":true,"jetpack_social_post_already_shared":false,"jetpack_social_options":{"image_generator_settings":{"template":"highway","enabled":false}}},"categories":[3],"tags":[],"jetpack_publicize_connections":[],"jetpack_featured_media_url":"","jetpack_sharing_enabled":true,"_links":{"self":[{"href":"http:\/\/enteculturalsantafesino.com.ar\/usina3\/wp-json\/wp\/v2\/posts\/7749"}],"collection":[{"href":"http:\/\/enteculturalsantafesino.com.ar\/usina3\/wp-json\/wp\/v2\/posts"}],"about":[{"href":"http:\/\/enteculturalsantafesino.com.ar\/usina3\/wp-json\/wp\/v2\/types\/post"}],"author":[{"embeddable":true,"href":"http:\/\/enteculturalsantafesino.com.ar\/usina3\/wp-json\/wp\/v2\/users\/3"}],"replies":[{"embeddable":true,"href":"http:\/\/enteculturalsantafesino.com.ar\/usina3\/wp-json\/wp\/v2\/comments?post=7749"}],"version-history":[{"count":0,"href":"http:\/\/enteculturalsantafesino.com.ar\/usina3\/wp-json\/wp\/v2\/posts\/7749\/revisions"}],"wp:attachment":[{"href":"http:\/\/enteculturalsantafesino.com.ar\/usina3\/wp-json\/wp\/v2\/media?parent=7749"}],"wp:term":[{"taxonomy":"category","embeddable":true,"href":"http:\/\/enteculturalsantafesino.com.ar\/usina3\/wp-json\/wp\/v2\/categories?post=7749"},{"taxonomy":"post_tag","embeddable":true,"href":"http:\/\/enteculturalsantafesino.com.ar\/usina3\/wp-json\/wp\/v2\/tags?post=7749"}],"curies":[{"name":"wp","href":"https:\/\/api.w.org\/{rel}","templated":true}]}}