{"id":7758,"date":"2012-12-15T01:11:31","date_gmt":"2012-12-15T01:11:31","guid":{"rendered":"http:\/\/entecultura.com.ar\/noticias\/?p=7758"},"modified":"2012-12-15T01:11:31","modified_gmt":"2012-12-15T01:11:31","slug":"santa-isabel-oscar-milanesi-asistio-a-la-avant-premier-del-film-uno","status":"publish","type":"post","link":"http:\/\/enteculturalsantafesino.com.ar\/usina3\/2012\/12\/santa-isabel-oscar-milanesi-asistio-a-la-avant-premier-del-film-uno\/","title":{"rendered":"SANTA ISABEL: OSCAR MILANESI ASISTI\u00d3 A LA AVANT PREMIER DEL FILM \u00abUNO\u00bb"},"content":{"rendered":"<p>El martes pasado, 11 de diciembre, se realiz\u00f3 en el cine Gaumon de la Ciudad <a href=\"http:\/\/enteculturalsantafesino.com.ar\/usina1\/wp-content\/uploads\/2012\/12\/MILANESI.jpg\" rel=\"lightbox[7758]\"><img loading=\"lazy\" decoding=\"async\" class=\"alignright size-medium wp-image-7759\" title=\"MILANESI\" src=\"http:\/\/enteculturalsantafesino.com.ar\/usina1\/wp-content\/uploads\/2012\/12\/MILANESI-300x225.jpg\" alt=\"\" width=\"300\" height=\"225\" \/><\/a><\/p>\n<p>Aut\u00f3noma de Buenos Aires el avant premiere de la pel\u00edcula \u00abUno\u00bb que incluye en el reparto al actor isabelense Oscar Milanesi, cuenta con im\u00e1genes rodadas en locaciones de Santa Isabel -tales como el cementerio y la estancia San Miguel- y se estrena este jueves 13.<br \/>\nAntes de la proyecci\u00f3n el elenco y su director, Dieguillo Fern\u00e1ndez, dialogaron con el p\u00fablico compuesto por m\u00e1s de quinientas personas. El realizador de esta nueva propuesta cinematogr\u00e1fica coment\u00f3 que la pel\u00edcula fue hecha con amigos, \u00abpero no se trata de un grupo de post adolescentes que se juntaron en una quinta a filmar; la verdad es que s\u00ed, que hice una pel\u00edcula con amigos pero que son grandes profesionales, de alto vuelo; eso es hacer una pel\u00edcula con amigos, es filmar profesionalmente y pasarla bien\u00bb.<br \/>\nPreviamente, Carlos Belloso destac\u00f3 el buen clima de trabajo que hubo en la estancia San Miguel: \u00aben esta pel\u00edcula est\u00e1 el clima de un equipo sensacional, de gente con mucho afecto\u00bb.<br \/>\nNancy Milanesi, presente en la sala, quien estuvo abocada a alimentar al equipo de trabajo durante el rodaje en la estancia, fue mencionada en la charla y recibi\u00f3 el agradecimiento y los aplausos de la concurrencia.<br \/>\nPor su parte, Camila Fiardi Maza record\u00f3 los d\u00edas de filmaci\u00f3n en en la estancia: \u00abfueron muy divertidos\u00bb, dijo. Tambi\u00e9n destac\u00f3 su ansiedad durante los cuatro a\u00f1os que pasaron desde ese momento hasta el estreno del film.<br \/>\nA su turno, Oscar Milanesi agradeci\u00f3 a Dieguillo Fern\u00e1ndez\u00a0 \u00aby al grupo de compa\u00f1eros que me hicieron sentir muy c\u00f3modo; lo planteo desde el punto de vista de que vivo en un pueblo muy lejos de ac\u00e1 y de que si bien uno hace un mont\u00f3n de a\u00f1os que viene subi\u00e9ndose a los escenarios y siendo actor, esto es una caricia al alma, el poder estrenar mi segunda pel\u00edcula en la que participo\u00bb.<br \/>\nLuciano C\u00e1ceres manifest\u00f3 su alegr\u00eda por el estreno y el agradecimiento al equipo \u00abque ha puesto mucho coraz\u00f3n y mucha creatividad en el arte de esta pel\u00edcula, la fotograf\u00eda, el vestuario, nuestro peluquero, maquillador\u00bb&#8230; M\u00e1s adelante agradeci\u00f3 al director y a \u00abmi amigo Belloso con quien nos hicimos amigos ah\u00ed y ahora continuamos en la vida juntos\u00bb.<br \/>\nEn \u00abUno\u00bb, Dieguillo Fern\u00e1ndez propone un drama que tiene a Luciano C\u00e1ceres y Carlos Belloso como protagonistas. El argumento gira en torno a Sebasti\u00e1n Oviedo (Luciano C\u00e1ceres), un arquitecto en crisis con su mujer que pasa ocasionalmente por un peque\u00f1o pueblo; Mariela, una ni\u00f1a hu\u00e9rfana, lo cree el enviado de Dios por el que estuvo pidiendo y miente en el pueblo diciendo que \u00e9l es su t\u00edo y que ha venido a hacerse cargo de ella. El reparto se completa con Camila Fiardi Mazza, Silvina Bosco, Javier Lombardo, Oscar Milanesi y Gonzalo Su\u00e1rez.<\/p>\n","protected":false},"excerpt":{"rendered":"<p>El martes pasado, 11 de diciembre, se realiz\u00f3 en el cine Gaumon de la Ciudad Aut\u00f3noma de [&hellip;]<\/p>\n","protected":false},"author":3,"featured_media":0,"comment_status":"open","ping_status":"open","sticky":false,"template":"","format":"standard","meta":{"_jetpack_memberships_contains_paid_content":false,"footnotes":"","jetpack_publicize_message":"","jetpack_publicize_feature_enabled":true,"jetpack_social_post_already_shared":false,"jetpack_social_options":{"image_generator_settings":{"template":"highway","enabled":false}}},"categories":[3],"tags":[],"jetpack_publicize_connections":[],"jetpack_featured_media_url":"","jetpack_sharing_enabled":true,"_links":{"self":[{"href":"http:\/\/enteculturalsantafesino.com.ar\/usina3\/wp-json\/wp\/v2\/posts\/7758"}],"collection":[{"href":"http:\/\/enteculturalsantafesino.com.ar\/usina3\/wp-json\/wp\/v2\/posts"}],"about":[{"href":"http:\/\/enteculturalsantafesino.com.ar\/usina3\/wp-json\/wp\/v2\/types\/post"}],"author":[{"embeddable":true,"href":"http:\/\/enteculturalsantafesino.com.ar\/usina3\/wp-json\/wp\/v2\/users\/3"}],"replies":[{"embeddable":true,"href":"http:\/\/enteculturalsantafesino.com.ar\/usina3\/wp-json\/wp\/v2\/comments?post=7758"}],"version-history":[{"count":0,"href":"http:\/\/enteculturalsantafesino.com.ar\/usina3\/wp-json\/wp\/v2\/posts\/7758\/revisions"}],"wp:attachment":[{"href":"http:\/\/enteculturalsantafesino.com.ar\/usina3\/wp-json\/wp\/v2\/media?parent=7758"}],"wp:term":[{"taxonomy":"category","embeddable":true,"href":"http:\/\/enteculturalsantafesino.com.ar\/usina3\/wp-json\/wp\/v2\/categories?post=7758"},{"taxonomy":"post_tag","embeddable":true,"href":"http:\/\/enteculturalsantafesino.com.ar\/usina3\/wp-json\/wp\/v2\/tags?post=7758"}],"curies":[{"name":"wp","href":"https:\/\/api.w.org\/{rel}","templated":true}]}}