{"id":8858,"date":"2013-09-16T12:46:32","date_gmt":"2013-09-16T12:46:32","guid":{"rendered":"http:\/\/entecultura.com.ar\/usina3\/?p=8858"},"modified":"2013-09-16T12:46:32","modified_gmt":"2013-09-16T12:46:32","slug":"clave-de-cuento-y-de-pueblo-en-pueblo-extiende-su-fecha-de-recepcion","status":"publish","type":"post","link":"http:\/\/enteculturalsantafesino.com.ar\/usina3\/2013\/09\/clave-de-cuento-y-de-pueblo-en-pueblo-extiende-su-fecha-de-recepcion\/","title":{"rendered":"\u00abClave de Cuento\u00bb y \u00abDe Pueblo en Pueblo\u00bb extiende su fecha de recepci\u00f3n"},"content":{"rendered":"<p>El Ente de Cultura, informa que la recepci\u00f3n de obras literarias<a href=\"http:\/\/enteculturalsantafesino.com.ar\/usina3\/wp-content\/uploads\/2013\/09\/De-pueblo-en-pueblo.jpg\" rel=\"lightbox[8858]\"><img loading=\"lazy\" decoding=\"async\" class=\"size-medium wp-image-8859 alignright\" alt=\"De pueblo en pueblo\" src=\"http:\/\/enteculturalsantafesino.com.ar\/usina3\/wp-content\/uploads\/2013\/09\/De-pueblo-en-pueblo-300x300.jpg\" width=\"300\" height=\"300\" srcset=\"http:\/\/enteculturalsantafesino.com.ar\/usina3\/wp-content\/uploads\/2013\/09\/De-pueblo-en-pueblo-300x300.jpg 300w, http:\/\/enteculturalsantafesino.com.ar\/usina3\/wp-content\/uploads\/2013\/09\/De-pueblo-en-pueblo-150x150.jpg 150w, http:\/\/enteculturalsantafesino.com.ar\/usina3\/wp-content\/uploads\/2013\/09\/De-pueblo-en-pueblo.jpg 475w\" sizes=\"(max-width: 300px) 100vw, 300px\" \/><\/a><\/p>\n<p>que conformar\u00e1n los libros: <em>\u00abClave de Cuento\u00bb y \u00abDe Pueblo en Pueblo\u00bb<\/em> se extiende hasta el <strong>viernes 27 de septiembre.<\/strong><\/p>\n<p>Las bases pueden consultarse en su web oficial www.enteculturalsantafesino.com.ar<\/p>\n<p><strong>\u00abClave de Cuento\u00bb:<\/strong><\/p>\n<p>Podr\u00e1n participar todos los educandos residentes en la ciudad, de 12 a 16 a\u00f1os de edad, con cuentos in\u00e9ditos. La tem\u00e1tica ser\u00e1 libre y cada participante podr\u00e1 enviar la cantidad de 1 (una) obra, con seud\u00f3nimo.<\/p>\n<p>El premio consistir\u00e1 en la edici\u00f3n y producci\u00f3n (mediante la selecci\u00f3n y evaluaci\u00f3n de los trabajos) del LIBRO \u00abClave de Cuento 2013\u00bb<\/p>\n<p><strong>\u00abDe Pueblo en Pueblo\u00bb<\/strong><\/p>\n<p>Dicha convocatoria tiene como finalidad la publicaci\u00f3n impresa de historias de personajes, redactadas por escritores, de los pueblos y ciudades que conforman el ENTE CULTURAL<\/p>\n<p>Dichos trabajos ser\u00e1n auspiciados por la Secretaria de Cultura de la Naci\u00f3n y la Diputada Nacional Lic. Claudia Giaccone<\/p>\n","protected":false},"excerpt":{"rendered":"<p>El Ente de Cultura, informa que la recepci\u00f3n de obras literarias que conformar\u00e1n los libros: \u00abClave de [&hellip;]<\/p>\n","protected":false},"author":3,"featured_media":8860,"comment_status":"open","ping_status":"open","sticky":false,"template":"","format":"standard","meta":{"_jetpack_memberships_contains_paid_content":false,"footnotes":"","jetpack_publicize_message":"","jetpack_publicize_feature_enabled":true,"jetpack_social_post_already_shared":false,"jetpack_social_options":{"image_generator_settings":{"template":"highway","enabled":false}}},"categories":[1],"tags":[],"jetpack_publicize_connections":[],"jetpack_featured_media_url":"http:\/\/enteculturalsantafesino.com.ar\/usina3\/wp-content\/uploads\/2013\/09\/clave-de-cuento.jpg","jetpack_sharing_enabled":true,"_links":{"self":[{"href":"http:\/\/enteculturalsantafesino.com.ar\/usina3\/wp-json\/wp\/v2\/posts\/8858"}],"collection":[{"href":"http:\/\/enteculturalsantafesino.com.ar\/usina3\/wp-json\/wp\/v2\/posts"}],"about":[{"href":"http:\/\/enteculturalsantafesino.com.ar\/usina3\/wp-json\/wp\/v2\/types\/post"}],"author":[{"embeddable":true,"href":"http:\/\/enteculturalsantafesino.com.ar\/usina3\/wp-json\/wp\/v2\/users\/3"}],"replies":[{"embeddable":true,"href":"http:\/\/enteculturalsantafesino.com.ar\/usina3\/wp-json\/wp\/v2\/comments?post=8858"}],"version-history":[{"count":0,"href":"http:\/\/enteculturalsantafesino.com.ar\/usina3\/wp-json\/wp\/v2\/posts\/8858\/revisions"}],"wp:featuredmedia":[{"embeddable":true,"href":"http:\/\/enteculturalsantafesino.com.ar\/usina3\/wp-json\/wp\/v2\/media\/8860"}],"wp:attachment":[{"href":"http:\/\/enteculturalsantafesino.com.ar\/usina3\/wp-json\/wp\/v2\/media?parent=8858"}],"wp:term":[{"taxonomy":"category","embeddable":true,"href":"http:\/\/enteculturalsantafesino.com.ar\/usina3\/wp-json\/wp\/v2\/categories?post=8858"},{"taxonomy":"post_tag","embeddable":true,"href":"http:\/\/enteculturalsantafesino.com.ar\/usina3\/wp-json\/wp\/v2\/tags?post=8858"}],"curies":[{"name":"wp","href":"https:\/\/api.w.org\/{rel}","templated":true}]}}