{"id":8888,"date":"2013-11-28T04:31:17","date_gmt":"2013-11-28T04:31:17","guid":{"rendered":"http:\/\/entecultura.com.ar\/usina3\/?p=8888"},"modified":"2013-11-28T04:51:59","modified_gmt":"2013-11-28T04:51:59","slug":"el-ente-cultural-santafesino-cierra-su-ano-con-la-fiesta-de-los-pueblos-en-santa-fe","status":"publish","type":"post","link":"http:\/\/enteculturalsantafesino.com.ar\/usina3\/2013\/11\/el-ente-cultural-santafesino-cierra-su-ano-con-la-fiesta-de-los-pueblos-en-santa-fe\/","title":{"rendered":"El Ente Cultural Santafesino cierra su a\u00f1o con la \u00abFiesta de los Pueblos\u00bb en Santa Fe"},"content":{"rendered":"<p>El pr\u00f3ximo <strong>lunes 2 de diciembre<\/strong> a partir de las <strong>19hs<\/strong> en las instalaciones del <strong>Centro Cultural ATE- Casa Espa\u00f1a, <a href=\"http:\/\/enteculturalsantafesino.com.ar\/usina3\/wp-content\/uploads\/2013\/11\/invitaci\u00f3n-fiesta-de-los-pueblos-2.jpg\" rel=\"lightbox[8888]\"><img loading=\"lazy\" decoding=\"async\" class=\"size-medium wp-image-8889 alignright\" alt=\"invitaci\u00f3n fiesta de los pueblos (2)\" src=\"http:\/\/enteculturalsantafesino.com.ar\/usina3\/wp-content\/uploads\/2013\/11\/invitaci\u00f3n-fiesta-de-los-pueblos-2-300x209.jpg\" width=\"300\" height=\"209\" srcset=\"http:\/\/enteculturalsantafesino.com.ar\/usina3\/wp-content\/uploads\/2013\/11\/invitaci\u00f3n-fiesta-de-los-pueblos-2-300x209.jpg 300w, http:\/\/enteculturalsantafesino.com.ar\/usina3\/wp-content\/uploads\/2013\/11\/invitaci\u00f3n-fiesta-de-los-pueblos-2-1024x716.jpg 1024w, http:\/\/enteculturalsantafesino.com.ar\/usina3\/wp-content\/uploads\/2013\/11\/invitaci\u00f3n-fiesta-de-los-pueblos-2.jpg 1200w\" sizes=\"(max-width: 300px) 100vw, 300px\" \/><\/a>sito en calle Rivadavia N\u00ba 2871 en la ciudad de Santa Fe<\/strong> el <a href=\"http:\/\/enteculturalsantafesino.com.ar\">Ente Cultural Santafesin<\/a>o llegar\u00e1 a la capital de la provincia con la <strong>\u201cFiesta de los Pueblos\u201d.<\/strong><\/p>\n<p>Dicha jornada cuenta con el auspicio y acompa\u00f1amiento de la <strong>Secretaria de Cultura de la Presidencia de la Naci\u00f3n<\/strong> junto a la <strong>Diputada Nacional Claudia Giaccone<\/strong> quienes reconocer\u00e1n la labor de los distintos participantes activos durante el a\u00f1o 2013 dentro del espacio del Ente Cultural Santafesino<\/p>\n<p>La <strong>\u201cFiesta de los Pueblos\u201d<\/strong> ser\u00e1 el encuentro de la cultura santafesina que llega desde el interior, la cual tiene como objetivo primordial, reconocer a los distintos referentes y artistas que formaron parte del proceso de acci\u00f3n cultural 2013.<\/p>\n<p>El acto permitir\u00e1 difundir y promover el quehacer cultural de este espacio pluralista, integrado por municipios y comunas de la provincia de Santa Fe, permitiendo la entrega de certificados a los artistas pl\u00e1sticos que conforman la <strong>Galer\u00eda Virtual \u201cForma y Color\u201d, del material literario \u201cDe Pueblo en Pueblo\u201d, \u201cClave de Cuento\u201d y del cd \u201cLa Br\u00fajula Cultural\u201d<\/strong> integrado por la m\u00fasica de nuestros exponentes.<\/p>\n<p>Espect\u00e1culos, Muestras y la presencia de representantes culturales santafesinos dir\u00e1n presentes para el desarrollo de un cierre de a\u00f1o que quedar\u00e1 marcado en las matrices de este espacio cultural, cooperativo, pluralista y federal santafesino.-<\/p>\n","protected":false},"excerpt":{"rendered":"<p>El pr\u00f3ximo lunes 2 de diciembre a partir de las 19hs en las instalaciones del Centro Cultural [&hellip;]<\/p>\n","protected":false},"author":3,"featured_media":8889,"comment_status":"open","ping_status":"open","sticky":false,"template":"","format":"standard","meta":{"_jetpack_memberships_contains_paid_content":false,"footnotes":"","jetpack_publicize_message":"","jetpack_publicize_feature_enabled":true,"jetpack_social_post_already_shared":false,"jetpack_social_options":{"image_generator_settings":{"template":"highway","enabled":false}}},"categories":[1],"tags":[],"jetpack_publicize_connections":[],"jetpack_featured_media_url":"http:\/\/enteculturalsantafesino.com.ar\/usina3\/wp-content\/uploads\/2013\/11\/invitaci\u00f3n-fiesta-de-los-pueblos-2.jpg","jetpack_sharing_enabled":true,"_links":{"self":[{"href":"http:\/\/enteculturalsantafesino.com.ar\/usina3\/wp-json\/wp\/v2\/posts\/8888"}],"collection":[{"href":"http:\/\/enteculturalsantafesino.com.ar\/usina3\/wp-json\/wp\/v2\/posts"}],"about":[{"href":"http:\/\/enteculturalsantafesino.com.ar\/usina3\/wp-json\/wp\/v2\/types\/post"}],"author":[{"embeddable":true,"href":"http:\/\/enteculturalsantafesino.com.ar\/usina3\/wp-json\/wp\/v2\/users\/3"}],"replies":[{"embeddable":true,"href":"http:\/\/enteculturalsantafesino.com.ar\/usina3\/wp-json\/wp\/v2\/comments?post=8888"}],"version-history":[{"count":0,"href":"http:\/\/enteculturalsantafesino.com.ar\/usina3\/wp-json\/wp\/v2\/posts\/8888\/revisions"}],"wp:featuredmedia":[{"embeddable":true,"href":"http:\/\/enteculturalsantafesino.com.ar\/usina3\/wp-json\/wp\/v2\/media\/8889"}],"wp:attachment":[{"href":"http:\/\/enteculturalsantafesino.com.ar\/usina3\/wp-json\/wp\/v2\/media?parent=8888"}],"wp:term":[{"taxonomy":"category","embeddable":true,"href":"http:\/\/enteculturalsantafesino.com.ar\/usina3\/wp-json\/wp\/v2\/categories?post=8888"},{"taxonomy":"post_tag","embeddable":true,"href":"http:\/\/enteculturalsantafesino.com.ar\/usina3\/wp-json\/wp\/v2\/tags?post=8888"}],"curies":[{"name":"wp","href":"https:\/\/api.w.org\/{rel}","templated":true}]}}