{"id":8891,"date":"2013-11-29T16:43:05","date_gmt":"2013-11-29T16:43:05","guid":{"rendered":"http:\/\/entecultura.com.ar\/usina3\/?p=8891"},"modified":"2013-11-29T16:44:22","modified_gmt":"2013-11-29T16:44:22","slug":"la-directora-nacional-de-accion-federal-formara-parte-de-la-fiesta-de-los-pueblos","status":"publish","type":"post","link":"http:\/\/enteculturalsantafesino.com.ar\/usina3\/2013\/11\/la-directora-nacional-de-accion-federal-formara-parte-de-la-fiesta-de-los-pueblos\/","title":{"rendered":"La Directora Nacional de Acci\u00f3n Federal formar\u00e1 parte de la \u00abFiesta de los Pueblos\u00bb"},"content":{"rendered":"<p>La <strong>Dra. Maria Elena Troncoso- Directora Nacional de Acci\u00f3n Federal-A\/C Direcci\u00f3n Asuntos Jdcos. de la <a href=\"http:\/\/enteculturalsantafesino.com.ar\/usina3\/wp-content\/uploads\/2013\/11\/304510_4520997543403_554924060_n.jpg\" rel=\"lightbox[8891]\"><img loading=\"lazy\" decoding=\"async\" class=\"size-medium wp-image-8892 alignright\" alt=\"304510_4520997543403_554924060_n\" src=\"http:\/\/enteculturalsantafesino.com.ar\/usina3\/wp-content\/uploads\/2013\/11\/304510_4520997543403_554924060_n-300x206.jpg\" width=\"300\" height=\"206\" srcset=\"http:\/\/enteculturalsantafesino.com.ar\/usina3\/wp-content\/uploads\/2013\/11\/304510_4520997543403_554924060_n-300x206.jpg 300w, http:\/\/enteculturalsantafesino.com.ar\/usina3\/wp-content\/uploads\/2013\/11\/304510_4520997543403_554924060_n.jpg 800w\" sizes=\"(max-width: 300px) 100vw, 300px\" \/><\/a>Secretar\u00eda de Cultura de la Naci\u00f3n,\u00a0<\/strong>formar\u00e1 parte de la \u201cFiesta de los Pueblos\u201d.<\/p>\n<p>El acto de fin de ciclo del Ente Cultural Santafesino a desarrollarse el pr\u00f3ximo <strong>lunes 2 de diciembre a partir de las 19hs en el Centro Cultural ATE de la ciudad de Santa Fe,<\/strong> contar\u00e1 con la presencia de la funcionara de la Secretaria de Cultura de la Naci\u00f3n.<\/p>\n<p><em>\u201cAcompa\u00f1aremos este gran ejemplo de trabajo colectivo en la provincia de Santa Fe\u201d<\/em> manifest\u00f3 la destacada Directora Nacional de Acci\u00f3n Federal.<\/p>\n<p>El Ente Cultural Santafesino agradece su compromiso y acompa\u00f1amiento permanente en cada acci\u00f3n cultural desarrollado por este espacio pluralista, federal y cultural.<\/p>\n<p>Durante el a\u00f1o 2013 la Direcci\u00f3n Nacional de Acci\u00f3n Federal permiti\u00f3 el logro de diversas gestiones y la llegada de muchos programas que permitieron la capacitaci\u00f3n y participaci\u00f3n de muchos santafesinos a los largo y ancho del territorio provincial:<\/p>\n","protected":false},"excerpt":{"rendered":"<p>La Dra. Maria Elena Troncoso- Directora Nacional de Acci\u00f3n Federal-A\/C Direcci\u00f3n Asuntos Jdcos. de la Secretar\u00eda de [&hellip;]<\/p>\n","protected":false},"author":3,"featured_media":8892,"comment_status":"open","ping_status":"open","sticky":false,"template":"","format":"standard","meta":{"_jetpack_memberships_contains_paid_content":false,"footnotes":"","jetpack_publicize_message":"","jetpack_publicize_feature_enabled":true,"jetpack_social_post_already_shared":false,"jetpack_social_options":{"image_generator_settings":{"template":"highway","enabled":false}}},"categories":[1],"tags":[],"jetpack_publicize_connections":[],"jetpack_featured_media_url":"http:\/\/enteculturalsantafesino.com.ar\/usina3\/wp-content\/uploads\/2013\/11\/304510_4520997543403_554924060_n.jpg","jetpack_sharing_enabled":true,"_links":{"self":[{"href":"http:\/\/enteculturalsantafesino.com.ar\/usina3\/wp-json\/wp\/v2\/posts\/8891"}],"collection":[{"href":"http:\/\/enteculturalsantafesino.com.ar\/usina3\/wp-json\/wp\/v2\/posts"}],"about":[{"href":"http:\/\/enteculturalsantafesino.com.ar\/usina3\/wp-json\/wp\/v2\/types\/post"}],"author":[{"embeddable":true,"href":"http:\/\/enteculturalsantafesino.com.ar\/usina3\/wp-json\/wp\/v2\/users\/3"}],"replies":[{"embeddable":true,"href":"http:\/\/enteculturalsantafesino.com.ar\/usina3\/wp-json\/wp\/v2\/comments?post=8891"}],"version-history":[{"count":0,"href":"http:\/\/enteculturalsantafesino.com.ar\/usina3\/wp-json\/wp\/v2\/posts\/8891\/revisions"}],"wp:featuredmedia":[{"embeddable":true,"href":"http:\/\/enteculturalsantafesino.com.ar\/usina3\/wp-json\/wp\/v2\/media\/8892"}],"wp:attachment":[{"href":"http:\/\/enteculturalsantafesino.com.ar\/usina3\/wp-json\/wp\/v2\/media?parent=8891"}],"wp:term":[{"taxonomy":"category","embeddable":true,"href":"http:\/\/enteculturalsantafesino.com.ar\/usina3\/wp-json\/wp\/v2\/categories?post=8891"},{"taxonomy":"post_tag","embeddable":true,"href":"http:\/\/enteculturalsantafesino.com.ar\/usina3\/wp-json\/wp\/v2\/tags?post=8891"}],"curies":[{"name":"wp","href":"https:\/\/api.w.org\/{rel}","templated":true}]}}