{"id":8927,"date":"2014-03-19T12:25:18","date_gmt":"2014-03-19T12:25:18","guid":{"rendered":"http:\/\/entecultura.com.ar\/usina3\/?p=8927"},"modified":"2014-03-19T13:09:06","modified_gmt":"2014-03-19T13:09:06","slug":"19-de-marzo-dia-nacional-del-artesano","status":"publish","type":"post","link":"http:\/\/enteculturalsantafesino.com.ar\/usina3\/2014\/03\/19-de-marzo-dia-nacional-del-artesano\/","title":{"rendered":"19 de marzo- D\u00eda Nacional del Artesano"},"content":{"rendered":"<p>Cada 19 de marzo, a nivel mundial se celebra el <strong>\u201cD\u00eda del artesano\u201d<\/strong>. El santoral de la fecha es \u201cSan Jos\u00e9 Carpintero\u201d, que <a href=\"http:\/\/enteculturalsantafesino.com.ar\/usina3\/wp-content\/uploads\/2014\/03\/untitled.png\" rel=\"lightbox[8927]\"><img loading=\"lazy\" decoding=\"async\" class=\"alignright size-full wp-image-8928\" alt=\"untitled\" src=\"http:\/\/enteculturalsantafesino.com.ar\/usina3\/wp-content\/uploads\/2014\/03\/untitled.png\" width=\"294\" height=\"171\" \/><\/a>conmemora el oficio de quien fue el padre terrenal de Jesucristo. Si bien existieron artesanos antes de su aparici\u00f3n, se lo considera como s\u00edmbolo de la artesan\u00eda por haber tomado masivo conocimiento de su oficio a trav\u00e9s de la Biblia.<br \/>\nLos artesanos son reconocidos como los genios creadores que mantienen el arte y la cultura tradicional de cada regi\u00f3n del mundo. Ellos trabajan con sus manos, creando diferentes obras las cuales son \u00fanicas y siempre son distintas entre s\u00ed.<\/p>\n<p><strong>El Ente Cultural santafesino saluda a todos los Artesanos en su D\u00eda!<\/strong><\/p>\n<p>&nbsp;<\/p>\n<p>&nbsp;<\/p>\n","protected":false},"excerpt":{"rendered":"<p>Cada 19 de marzo, a nivel mundial se celebra el \u201cD\u00eda del artesano\u201d. El santoral de la [&hellip;]<\/p>\n","protected":false},"author":3,"featured_media":8928,"comment_status":"open","ping_status":"open","sticky":false,"template":"","format":"standard","meta":{"_jetpack_memberships_contains_paid_content":false,"footnotes":"","jetpack_publicize_message":"","jetpack_publicize_feature_enabled":true,"jetpack_social_post_already_shared":false,"jetpack_social_options":{"image_generator_settings":{"template":"highway","enabled":false}}},"categories":[4],"tags":[],"jetpack_publicize_connections":[],"jetpack_featured_media_url":"http:\/\/enteculturalsantafesino.com.ar\/usina3\/wp-content\/uploads\/2014\/03\/untitled.png","jetpack_sharing_enabled":true,"_links":{"self":[{"href":"http:\/\/enteculturalsantafesino.com.ar\/usina3\/wp-json\/wp\/v2\/posts\/8927"}],"collection":[{"href":"http:\/\/enteculturalsantafesino.com.ar\/usina3\/wp-json\/wp\/v2\/posts"}],"about":[{"href":"http:\/\/enteculturalsantafesino.com.ar\/usina3\/wp-json\/wp\/v2\/types\/post"}],"author":[{"embeddable":true,"href":"http:\/\/enteculturalsantafesino.com.ar\/usina3\/wp-json\/wp\/v2\/users\/3"}],"replies":[{"embeddable":true,"href":"http:\/\/enteculturalsantafesino.com.ar\/usina3\/wp-json\/wp\/v2\/comments?post=8927"}],"version-history":[{"count":0,"href":"http:\/\/enteculturalsantafesino.com.ar\/usina3\/wp-json\/wp\/v2\/posts\/8927\/revisions"}],"wp:featuredmedia":[{"embeddable":true,"href":"http:\/\/enteculturalsantafesino.com.ar\/usina3\/wp-json\/wp\/v2\/media\/8928"}],"wp:attachment":[{"href":"http:\/\/enteculturalsantafesino.com.ar\/usina3\/wp-json\/wp\/v2\/media?parent=8927"}],"wp:term":[{"taxonomy":"category","embeddable":true,"href":"http:\/\/enteculturalsantafesino.com.ar\/usina3\/wp-json\/wp\/v2\/categories?post=8927"},{"taxonomy":"post_tag","embeddable":true,"href":"http:\/\/enteculturalsantafesino.com.ar\/usina3\/wp-json\/wp\/v2\/tags?post=8927"}],"curies":[{"name":"wp","href":"https:\/\/api.w.org\/{rel}","templated":true}]}}