{"id":8936,"date":"2014-03-28T05:40:52","date_gmt":"2014-03-28T05:40:52","guid":{"rendered":"http:\/\/entecultura.com.ar\/usina3\/?p=8936"},"modified":"2014-03-28T05:40:52","modified_gmt":"2014-03-28T05:40:52","slug":"se-posterga-la-asamblea-general-y-presentacion-de-plan-anual-2014","status":"publish","type":"post","link":"http:\/\/enteculturalsantafesino.com.ar\/usina3\/2014\/03\/se-posterga-la-asamblea-general-y-presentacion-de-plan-anual-2014\/","title":{"rendered":"Se posterga la Asamblea General y Presentaci\u00f3n de Plan Anual 2014"},"content":{"rendered":"<p>El <strong>Ente Cultural Santafesino<\/strong> y la <strong>Secretaria de Cultura de Municipalidad de Esperanza<\/strong>, informan que la <a href=\"http:\/\/enteculturalsantafesino.com.ar\/usina3\/wp-content\/uploads\/2014\/03\/c3.jpg\" rel=\"lightbox[8936]\"><img loading=\"lazy\" decoding=\"async\" class=\"alignright size-medium wp-image-8937\" alt=\"c3\" src=\"http:\/\/enteculturalsantafesino.com.ar\/usina3\/wp-content\/uploads\/2014\/03\/c3-300x300.jpg\" width=\"300\" height=\"300\" srcset=\"http:\/\/enteculturalsantafesino.com.ar\/usina3\/wp-content\/uploads\/2014\/03\/c3-300x300.jpg 300w, http:\/\/enteculturalsantafesino.com.ar\/usina3\/wp-content\/uploads\/2014\/03\/c3-150x150.jpg 150w, http:\/\/enteculturalsantafesino.com.ar\/usina3\/wp-content\/uploads\/2014\/03\/c3.jpg 350w\" sizes=\"(max-width: 300px) 100vw, 300px\" \/><\/a><strong>\u201cAsamblea General y Presentaci\u00f3n del Plan Anual 2014\u2033<\/strong> a llevarse a cabo este <strong>Viernes 28<\/strong> desde las 19hs en el Sal\u00f3n Blanco Municipal,<strong> \u201cse posterga\u201d<\/strong> para el pr\u00f3ximo <strong>Viernes 4<\/strong> a la misma hora. Dicha determinaci\u00f3n se debe a las inclemencias clim\u00e1ticas existentes y al alerta meteorol\u00f3gico que rige en distintas regiones de nuestra provincia.<\/p>\n","protected":false},"excerpt":{"rendered":"<p>El Ente Cultural Santafesino y la Secretaria de Cultura de Municipalidad de Esperanza, informan que la \u201cAsamblea [&hellip;]<\/p>\n","protected":false},"author":3,"featured_media":8937,"comment_status":"open","ping_status":"open","sticky":false,"template":"","format":"standard","meta":{"_jetpack_memberships_contains_paid_content":false,"footnotes":"","jetpack_publicize_message":"","jetpack_publicize_feature_enabled":true,"jetpack_social_post_already_shared":false,"jetpack_social_options":{"image_generator_settings":{"template":"highway","enabled":false}}},"categories":[4],"tags":[],"jetpack_publicize_connections":[],"jetpack_featured_media_url":"http:\/\/enteculturalsantafesino.com.ar\/usina3\/wp-content\/uploads\/2014\/03\/c3.jpg","jetpack_sharing_enabled":true,"_links":{"self":[{"href":"http:\/\/enteculturalsantafesino.com.ar\/usina3\/wp-json\/wp\/v2\/posts\/8936"}],"collection":[{"href":"http:\/\/enteculturalsantafesino.com.ar\/usina3\/wp-json\/wp\/v2\/posts"}],"about":[{"href":"http:\/\/enteculturalsantafesino.com.ar\/usina3\/wp-json\/wp\/v2\/types\/post"}],"author":[{"embeddable":true,"href":"http:\/\/enteculturalsantafesino.com.ar\/usina3\/wp-json\/wp\/v2\/users\/3"}],"replies":[{"embeddable":true,"href":"http:\/\/enteculturalsantafesino.com.ar\/usina3\/wp-json\/wp\/v2\/comments?post=8936"}],"version-history":[{"count":0,"href":"http:\/\/enteculturalsantafesino.com.ar\/usina3\/wp-json\/wp\/v2\/posts\/8936\/revisions"}],"wp:featuredmedia":[{"embeddable":true,"href":"http:\/\/enteculturalsantafesino.com.ar\/usina3\/wp-json\/wp\/v2\/media\/8937"}],"wp:attachment":[{"href":"http:\/\/enteculturalsantafesino.com.ar\/usina3\/wp-json\/wp\/v2\/media?parent=8936"}],"wp:term":[{"taxonomy":"category","embeddable":true,"href":"http:\/\/enteculturalsantafesino.com.ar\/usina3\/wp-json\/wp\/v2\/categories?post=8936"},{"taxonomy":"post_tag","embeddable":true,"href":"http:\/\/enteculturalsantafesino.com.ar\/usina3\/wp-json\/wp\/v2\/tags?post=8936"}],"curies":[{"name":"wp","href":"https:\/\/api.w.org\/{rel}","templated":true}]}}