{"id":8943,"date":"2014-04-05T20:27:58","date_gmt":"2014-04-05T20:27:58","guid":{"rendered":"http:\/\/entecultura.com.ar\/usina3\/?p=8943"},"modified":"2014-04-05T20:27:58","modified_gmt":"2014-04-05T20:27:58","slug":"oscar-lito-cruz-avanza-junto-al-ente-cultural-santafesino","status":"publish","type":"post","link":"http:\/\/enteculturalsantafesino.com.ar\/usina3\/2014\/04\/oscar-lito-cruz-avanza-junto-al-ente-cultural-santafesino\/","title":{"rendered":"Oscar \u00abLito\u00bb Cruz avanza junto al Ente Cultural Santafesino"},"content":{"rendered":"<p>En la jornada del <strong>jueves 3<\/strong> en el despacho de la <b>Diputada Nacional Claudia Giaccone <\/b>se reunieron el actor <strong>Oscar<\/strong> \u00ab<b>Lito <a href=\"http:\/\/enteculturalsantafesino.com.ar\/usina3\/wp-content\/uploads\/2014\/04\/10153856_359656960842046_1600897214_n.jpg\" rel=\"lightbox[8943]\"><img loading=\"lazy\" decoding=\"async\" class=\"alignright size-medium wp-image-8944\" alt=\"10153856_359656960842046_1600897214_n\" src=\"http:\/\/enteculturalsantafesino.com.ar\/usina3\/wp-content\/uploads\/2014\/04\/10153856_359656960842046_1600897214_n-300x225.jpg\" width=\"300\" height=\"225\" srcset=\"http:\/\/enteculturalsantafesino.com.ar\/usina3\/wp-content\/uploads\/2014\/04\/10153856_359656960842046_1600897214_n-300x225.jpg 300w, http:\/\/enteculturalsantafesino.com.ar\/usina3\/wp-content\/uploads\/2014\/04\/10153856_359656960842046_1600897214_n.jpg 960w\" sizes=\"(max-width: 300px) 100vw, 300px\" \/><\/a>Cruz\u00bb<\/b>, la <b>Secretaria de Cultura, Educaci\u00f3n y Deportes Adriana Robledo<\/b> y el <b>Coordinador del Ente Cultural Santafesino Prof. Fernando Banegas<\/b> para cerrar y delinear los pr\u00f3ximos pasos del Programa<a href=\"http:\/\/enteculturalsantafesino.com.ar\/usina3\/#\/usina3\/2014\/03\/el-teatro-y-la-historia-nuevo-proyecto-del-ente-cultural\/\"> <strong>\u201cEl Teatro y la Historia\u00bb<\/strong> <\/a>perteneciente a destacado actor.<\/p>\n<p>Dicho proyecto ya fue desarrollado en toda la provincia de Buenos Aires y la idea es repetir esta propuesta cultural en el territorio santafesino mediante la coordinaci\u00f3n del <a href=\"http:\/\/www.enteculturalsantafesino.com.ar\">Ente Cultural Santafesino<\/a> y del artista <strong>\u201cLito\u201d Cruz<\/strong>.<\/p>\n<p><i>\u201cHoy nos encontramos delineando los \u00faltimos detalles para realizar el lanzamiento del Programa en el mes de mayo en alguna comunidad de la provincia que posibilite el encuentro de todos los exponentes y referentes del Teatro adheridas al Ente Cultural y de esta manera comenzar a transitar durante el 2014 con una propuesta muy ambiciosa que tendr\u00e1 su broche de oro en el mes de marzo de 2015\u201d, <\/i>se\u00f1al\u00f3 la <b>Diputada Nacional Claudia Giaccone.<\/b><\/p>\n<p><i>\u201cEsta posibilidad concreta nos tendr\u00e1 a todos comprometidos y permitir\u00e1 generar mayor integraci\u00f3n y jerarquizaci\u00f3n de nuestros actores, guionistas, directores, bajo una atenta coordinaci\u00f3n de un grande como lo es Lito Cruz\u201d \u00a0<\/i>destac\u00f3 <b><i>Adriana Robledo- Cultura Esperanza<\/i><\/b><i>.<\/i><\/p>\n<p><b>Oscar \u201cLito\u201d Cruz<\/b> manifest\u00f3: <i>\u201cEste Proyecto posibilita fusionar la Historia a trav\u00e9s del Teatro, generando nuevos recursos de informaci\u00f3n en un revisionismo hist\u00f3rico de la Historia Santafesina a trav\u00e9s de las futuras obras de permitiremos el trabajo y la dedicaci\u00f3n de muchos eslabones que pondremos a consideraci\u00f3n de todos\u201d.<\/i><\/p>\n<p><i> \u00a0\u201cEl teatro es una herramienta para trabajar sobre la informaci\u00f3n, que a la vez act\u00faa sobre la autoestima. El que tiene informaci\u00f3n y sabe de un tema, se siente m\u00e1s seguro, tiene mayor autoestima, se anima\u201d.<\/i><\/p>\n<p>De esta manera el Ente Cultural contin\u00faa con su proceso de trabajo en un ambicioso y prometedor 2014 a\u00f1o que se vislumbra con mayores ofertas de integraci\u00f3n, inclusi\u00f3n y participaci\u00f3n cultural.<\/p>\n","protected":false},"excerpt":{"rendered":"<p>En la jornada del jueves 3 en el despacho de la Diputada Nacional Claudia Giaccone se reunieron [&hellip;]<\/p>\n","protected":false},"author":3,"featured_media":8944,"comment_status":"open","ping_status":"open","sticky":false,"template":"","format":"standard","meta":{"_jetpack_memberships_contains_paid_content":false,"footnotes":"","jetpack_publicize_message":"","jetpack_publicize_feature_enabled":true,"jetpack_social_post_already_shared":false,"jetpack_social_options":{"image_generator_settings":{"template":"highway","enabled":false}}},"categories":[4],"tags":[],"jetpack_publicize_connections":[],"jetpack_featured_media_url":"http:\/\/enteculturalsantafesino.com.ar\/usina3\/wp-content\/uploads\/2014\/04\/10153856_359656960842046_1600897214_n.jpg","jetpack_sharing_enabled":true,"_links":{"self":[{"href":"http:\/\/enteculturalsantafesino.com.ar\/usina3\/wp-json\/wp\/v2\/posts\/8943"}],"collection":[{"href":"http:\/\/enteculturalsantafesino.com.ar\/usina3\/wp-json\/wp\/v2\/posts"}],"about":[{"href":"http:\/\/enteculturalsantafesino.com.ar\/usina3\/wp-json\/wp\/v2\/types\/post"}],"author":[{"embeddable":true,"href":"http:\/\/enteculturalsantafesino.com.ar\/usina3\/wp-json\/wp\/v2\/users\/3"}],"replies":[{"embeddable":true,"href":"http:\/\/enteculturalsantafesino.com.ar\/usina3\/wp-json\/wp\/v2\/comments?post=8943"}],"version-history":[{"count":0,"href":"http:\/\/enteculturalsantafesino.com.ar\/usina3\/wp-json\/wp\/v2\/posts\/8943\/revisions"}],"wp:featuredmedia":[{"embeddable":true,"href":"http:\/\/enteculturalsantafesino.com.ar\/usina3\/wp-json\/wp\/v2\/media\/8944"}],"wp:attachment":[{"href":"http:\/\/enteculturalsantafesino.com.ar\/usina3\/wp-json\/wp\/v2\/media?parent=8943"}],"wp:term":[{"taxonomy":"category","embeddable":true,"href":"http:\/\/enteculturalsantafesino.com.ar\/usina3\/wp-json\/wp\/v2\/categories?post=8943"},{"taxonomy":"post_tag","embeddable":true,"href":"http:\/\/enteculturalsantafesino.com.ar\/usina3\/wp-json\/wp\/v2\/tags?post=8943"}],"curies":[{"name":"wp","href":"https:\/\/api.w.org\/{rel}","templated":true}]}}