{"id":8952,"date":"2014-04-19T15:59:13","date_gmt":"2014-04-19T15:59:13","guid":{"rendered":"http:\/\/entecultura.com.ar\/usina3\/?p=8952"},"modified":"2014-04-19T15:59:13","modified_gmt":"2014-04-19T15:59:13","slug":"sumate-al-vademecum-cultural","status":"publish","type":"post","link":"http:\/\/enteculturalsantafesino.com.ar\/usina3\/2014\/04\/sumate-al-vademecum-cultural\/","title":{"rendered":"S\u00famate al  \u00abVademecum Cultural\u00bb"},"content":{"rendered":"<div id=\"id_535299fba86f95015498811\" class=\"text_exposed_root text_exposed\">El <strong><em>Ente Cultural Santafesino<\/em> <\/strong>informa que ya se puede visitar y consultar el programa <a href=\"http:\/\/www.enteculturalsantafesino.com.ar\/vademecum\"><strong>\u201cVademecum Cultural\u201d<\/strong><\/a> <a href=\"http:\/\/enteculturalsantafesino.com.ar\/usina3\/wp-content\/uploads\/2014\/02\/Vademecum-Cultural-02.jpg\" rel=\"lightbox[8952]\"><img loading=\"lazy\" decoding=\"async\" class=\"alignright size-medium wp-image-8909\" src=\"http:\/\/enteculturalsantafesino.com.ar\/usina3\/wp-content\/uploads\/2014\/02\/Vademecum-Cultural-02-300x175.jpg\" alt=\"Vademecum Cultural 02\" width=\"300\" height=\"175\" srcset=\"http:\/\/enteculturalsantafesino.com.ar\/usina3\/wp-content\/uploads\/2014\/02\/Vademecum-Cultural-02-300x175.jpg 300w, http:\/\/enteculturalsantafesino.com.ar\/usina3\/wp-content\/uploads\/2014\/02\/Vademecum-Cultural-02.jpg 750w\" sizes=\"(max-width: 300px) 100vw, 300px\" \/><\/a><br \/>\nDicho programa es un registro de personas, grupos e instituciones vinculados al quehacer art\u00edstico y cul<span class=\"text_exposed_show\">tural local, en todas las disciplinas y g\u00e9neros.<\/p>\n<p>La meta es realizar una base de datos digital que d\u00e9 cuenta de la diversidad de propuestas art\u00edsticas y culturales en el territorio enmarcado por dicho espacio cultural santafesino.<\/p>\n<p><strong><em>Objetivos:<\/em><\/strong><\/p>\n<p>&#8211; Continuar con la interacci\u00f3n directa entre las comunidades que integran al Ente Cultural.<\/p>\n<p>&#8211; Brindar posibilidades para las expresiones culturales en su m\u00e1s amplia diversidad.<\/p>\n<p>&#8211; Generar un mercado de integraci\u00f3n y producci\u00f3n cultural entre sus referentes y protagonistas.<\/p>\n<p>\u2022 Revalorizar y dar visibilidad a los artistas y hacedores culturales locales, brind\u00e1ndoles herramientas de profesionalizaci\u00f3n y campos laborales de aplicaci\u00f3n.<\/p>\n<p>\u2022 Identificar y promover la oferta cultural y art\u00edstica de cada localidad como valor agregado.<\/p>\n<p>Entregar en Documento Word a las distintas Secretarias de Cultura Adherentes al Ente Cultural o enviar a los email:<\/p>\n<p><a href=\"http:\/\/www.enteculturalsantafesino.com.ar\/vademecum\">www.enteculturalsantafesino.com.ar\/vademecum<\/a><\/p>\n<p>contacto@enteculturalsantafesino.com.ar<\/span><span class=\"text_exposed_hide\">\u00a0<\/span><\/div>\n<p>&nbsp;<\/p>\n","protected":false},"excerpt":{"rendered":"<p>El Ente Cultural Santafesino informa que ya se puede visitar y consultar el programa \u201cVademecum Cultural\u201d Dicho [&hellip;]<\/p>\n","protected":false},"author":3,"featured_media":8909,"comment_status":"open","ping_status":"open","sticky":false,"template":"","format":"standard","meta":{"_jetpack_memberships_contains_paid_content":false,"footnotes":"","jetpack_publicize_message":"","jetpack_publicize_feature_enabled":true,"jetpack_social_post_already_shared":false,"jetpack_social_options":{"image_generator_settings":{"template":"highway","enabled":false}}},"categories":[4],"tags":[],"jetpack_publicize_connections":[],"jetpack_featured_media_url":"http:\/\/enteculturalsantafesino.com.ar\/usina3\/wp-content\/uploads\/2014\/02\/Vademecum-Cultural-02.jpg","jetpack_sharing_enabled":true,"_links":{"self":[{"href":"http:\/\/enteculturalsantafesino.com.ar\/usina3\/wp-json\/wp\/v2\/posts\/8952"}],"collection":[{"href":"http:\/\/enteculturalsantafesino.com.ar\/usina3\/wp-json\/wp\/v2\/posts"}],"about":[{"href":"http:\/\/enteculturalsantafesino.com.ar\/usina3\/wp-json\/wp\/v2\/types\/post"}],"author":[{"embeddable":true,"href":"http:\/\/enteculturalsantafesino.com.ar\/usina3\/wp-json\/wp\/v2\/users\/3"}],"replies":[{"embeddable":true,"href":"http:\/\/enteculturalsantafesino.com.ar\/usina3\/wp-json\/wp\/v2\/comments?post=8952"}],"version-history":[{"count":0,"href":"http:\/\/enteculturalsantafesino.com.ar\/usina3\/wp-json\/wp\/v2\/posts\/8952\/revisions"}],"wp:featuredmedia":[{"embeddable":true,"href":"http:\/\/enteculturalsantafesino.com.ar\/usina3\/wp-json\/wp\/v2\/media\/8909"}],"wp:attachment":[{"href":"http:\/\/enteculturalsantafesino.com.ar\/usina3\/wp-json\/wp\/v2\/media?parent=8952"}],"wp:term":[{"taxonomy":"category","embeddable":true,"href":"http:\/\/enteculturalsantafesino.com.ar\/usina3\/wp-json\/wp\/v2\/categories?post=8952"},{"taxonomy":"post_tag","embeddable":true,"href":"http:\/\/enteculturalsantafesino.com.ar\/usina3\/wp-json\/wp\/v2\/tags?post=8952"}],"curies":[{"name":"wp","href":"https:\/\/api.w.org\/{rel}","templated":true}]}}