{"id":1862,"date":"2016-08-28T17:06:22","date_gmt":"2016-08-28T17:06:22","guid":{"rendered":"http:\/\/entecultura.com.ar\/usina4\/?p=1862"},"modified":"2016-08-28T17:06:52","modified_gmt":"2016-08-28T17:06:52","slug":"los-palmeras-y-marcos-castello-abren-el-cabildo-cultural-santafesino-2016","status":"publish","type":"post","link":"http:\/\/enteculturalsantafesino.com.ar\/usina4\/2016\/08\/los-palmeras-y-marcos-castello-abren-el-cabildo-cultural-santafesino-2016\/","title":{"rendered":"Los Palmeras y Marcos Castell\u00f3 abren el \u00abCabildo Cultural Santafesino 2016\u00bb"},"content":{"rendered":"<p>Este<strong> lunes 29 <\/strong>en el<strong> Centro Cultural Casa Espa\u00f1a de ATE <\/strong>se dar\u00e1\u00a0inicio a\u00a0la quinta edici\u00f3n del<strong> \u00abCabildo Cultural Santafesino\u00bb, <\/strong>teniendo como tem\u00e1tica a<strong> \u00abLa Cumbia\u00bb<\/strong><\/p>\n<p>Los\u00a0disertantes\u00a0que formaran parte del primer panel son:<strong> Marcos Camino,\u00a0Rub\u00e9n Deicas y Marcos Castell\u00f3.<\/strong><\/p>\n<p>Ellos repasar\u00e1n y abordaran temas como la<em> influencia, inicios, producci\u00f3n, compromiso y proyecci\u00f3n del g\u00e9nero musical.<\/em><\/p>\n<p><strong> \u201cDiversidad, Experiencias y Propuestas de nuestras m\u00fasica como Identidad\u201d,<\/strong> ser\u00e1 la tem\u00e1tica que se desarrollar\u00e1 del\u00a0<strong><u>29 de agosto al 3 de septiembre<\/u><\/strong>\u00a0 en el <strong>Cabildo Cultural Santafesino<\/strong>, organizado por el <strong>Ente Cultural.<\/strong><\/p>\n<p>El Cabildo Cultural se inicia en Santa Fe (departamento La Capital), siguiendo por Ramona (departamento Castellano), luego Andino (departamento Iriondo), G\u00f6deken (departamento Gral. L\u00f3pez), Acebal (departamento Rosario), Ambrosetti (departamento San Crist\u00f3bal), para finalizar en Tostado (departamento 9 de Julio), se ir\u00e1 cubriendo el territorio de nuestra provincia, y cada jornada tendr\u00e1 el sabor de un ritmo y generar\u00e1 el debate que atiende prioritariamente a la diversidad cultural y a las diferentes identidades regionales de la provincia.<\/p>\n<p>El <strong>presidente del Ente Cultural Lic Leonardo Carrozza<\/strong> manifest\u00f3 que \u201c<em>este nuevo Cabildo Cultural viene de la mano con un excelente a\u00f1o originado de este espacio que promueve en forma constante pol\u00edticas culturales de inclusi\u00f3n y proyecci\u00f3n en cada rinc\u00f3n provincial\u201d.<\/em><\/p>\n<p><em>\u201cLos disertantes de este a\u00f1o nos marcan un gran nivel de participaci\u00f3n en cada uno de los paneles y continuamos con el esp\u00edritu de llegar al interior profundo de nuestra Santa Fe\u201d.<\/em><\/p>\n<p>Los disertantes del <a href=\"http:\/\/enteculturalsantafesino.com.ar\/cabildo\/2016\/CCS-2016.pdf\"><strong>Cabildo Cultural 2016<\/strong> <\/a>que se destacan en esta nueva edic\u00f3n son: <em>Marcos Camino, Rub\u00e9n Deica, Marcos Castello, Jorge Fandermole, Omar Fiordelmondo,\u00a0Gustavo Dangelo, Nestor Trivero, y Diego Contesti,\u00a0Chiqui Ledesma,\u00a0\u00a0Dr. Roberto Landaburu<\/em>, entre otros.<\/p>\n","protected":false},"excerpt":{"rendered":"<p>Este lunes 29 en el Centro Cultural Casa Espa\u00f1a de ATE se dar\u00e1\u00a0inicio a\u00a0la quinta edici\u00f3n del [&hellip;]<\/p>\n","protected":false},"author":3,"featured_media":1864,"comment_status":"open","ping_status":"open","sticky":false,"template":"","format":"standard","meta":{"_jetpack_memberships_contains_paid_content":false,"footnotes":"","jetpack_publicize_message":"","jetpack_publicize_feature_enabled":true,"jetpack_social_post_already_shared":true,"jetpack_social_options":{"image_generator_settings":{"template":"highway","enabled":false}}},"categories":[6],"tags":[],"jetpack_publicize_connections":[],"jetpack_featured_media_url":"http:\/\/enteculturalsantafesino.com.ar\/usina4\/wp-content\/uploads\/2016\/08\/14171859_276725182713628_296801524_n-1.jpg","jetpack_sharing_enabled":true,"_links":{"self":[{"href":"http:\/\/enteculturalsantafesino.com.ar\/usina4\/wp-json\/wp\/v2\/posts\/1862"}],"collection":[{"href":"http:\/\/enteculturalsantafesino.com.ar\/usina4\/wp-json\/wp\/v2\/posts"}],"about":[{"href":"http:\/\/enteculturalsantafesino.com.ar\/usina4\/wp-json\/wp\/v2\/types\/post"}],"author":[{"embeddable":true,"href":"http:\/\/enteculturalsantafesino.com.ar\/usina4\/wp-json\/wp\/v2\/users\/3"}],"replies":[{"embeddable":true,"href":"http:\/\/enteculturalsantafesino.com.ar\/usina4\/wp-json\/wp\/v2\/comments?post=1862"}],"version-history":[{"count":0,"href":"http:\/\/enteculturalsantafesino.com.ar\/usina4\/wp-json\/wp\/v2\/posts\/1862\/revisions"}],"wp:featuredmedia":[{"embeddable":true,"href":"http:\/\/enteculturalsantafesino.com.ar\/usina4\/wp-json\/wp\/v2\/media\/1864"}],"wp:attachment":[{"href":"http:\/\/enteculturalsantafesino.com.ar\/usina4\/wp-json\/wp\/v2\/media?parent=1862"}],"wp:term":[{"taxonomy":"category","embeddable":true,"href":"http:\/\/enteculturalsantafesino.com.ar\/usina4\/wp-json\/wp\/v2\/categories?post=1862"},{"taxonomy":"post_tag","embeddable":true,"href":"http:\/\/enteculturalsantafesino.com.ar\/usina4\/wp-json\/wp\/v2\/tags?post=1862"}],"curies":[{"name":"wp","href":"https:\/\/api.w.org\/{rel}","templated":true}]}}