{"id":1867,"date":"2016-08-30T10:12:32","date_gmt":"2016-08-30T10:12:32","guid":{"rendered":"http:\/\/entecultura.com.ar\/usina4\/?p=1867"},"modified":"2016-08-30T10:12:32","modified_gmt":"2016-08-30T10:12:32","slug":"a-sala-llena-se-presento-la-obra-salve-argentina","status":"publish","type":"post","link":"http:\/\/enteculturalsantafesino.com.ar\/usina4\/2016\/08\/a-sala-llena-se-presento-la-obra-salve-argentina\/","title":{"rendered":"A sala llena se present\u00f3 la obra \u00abSalve Argentina\u00bb"},"content":{"rendered":"<blockquote><p><strong><em>\u201cSalve Argentina expresa la integraci\u00f3n de los pueblos del interior santafesino\u00bb\u00a0<\/em><\/strong><\/p><\/blockquote>\n\n\t\t<style type=\"text\/css\">\n\t\t\t#gallery-1 {\n\t\t\t\tmargin: auto;\n\t\t\t}\n\t\t\t#gallery-1 .gallery-item {\n\t\t\t\tfloat: left;\n\t\t\t\tmargin-top: 10px;\n\t\t\t\ttext-align: center;\n\t\t\t\twidth: 25%;\n\t\t\t}\n\t\t\t#gallery-1 img {\n\t\t\t\tborder: 2px solid #cfcfcf;\n\t\t\t}\n\t\t\t#gallery-1 .gallery-caption {\n\t\t\t\tmargin-left: 0;\n\t\t\t}\n\t\t\t\/* see gallery_shortcode() in wp-includes\/media.php *\/\n\t\t<\/style>\n\t\t<div id='gallery-1' class='gallery galleryid-1867 gallery-columns-4 gallery-size-thumbnail'><dl class='gallery-item'>\n\t\t\t<dt class='gallery-icon landscape'>\n\t\t\t\t<a href='http:\/\/enteculturalsantafesino.com.ar\/usina4\/2016\/08\/a-sala-llena-se-presento-la-obra-salve-argentina\/dsc_0433a-2\/'><img loading=\"lazy\" decoding=\"async\" width=\"150\" height=\"150\" src=\"http:\/\/enteculturalsantafesino.com.ar\/usina4\/wp-content\/uploads\/2016\/08\/DSC_0433a-1-150x150.jpg\" class=\"attachment-thumbnail size-thumbnail\" alt=\"\" srcset=\"http:\/\/enteculturalsantafesino.com.ar\/usina4\/wp-content\/uploads\/2016\/08\/DSC_0433a-1-150x150.jpg 150w, http:\/\/enteculturalsantafesino.com.ar\/usina4\/wp-content\/uploads\/2016\/08\/DSC_0433a-1-53x53.jpg 53w\" sizes=\"(max-width: 150px) 100vw, 150px\" \/><\/a>\n\t\t\t<\/dt><\/dl><dl class='gallery-item'>\n\t\t\t<dt class='gallery-icon landscape'>\n\t\t\t\t<a href='http:\/\/enteculturalsantafesino.com.ar\/usina4\/2016\/08\/a-sala-llena-se-presento-la-obra-salve-argentina\/dsc_0571a-1\/'><img loading=\"lazy\" decoding=\"async\" width=\"150\" height=\"150\" src=\"http:\/\/enteculturalsantafesino.com.ar\/usina4\/wp-content\/uploads\/2016\/08\/DSC_0571a-1-150x150.jpg\" class=\"attachment-thumbnail size-thumbnail\" alt=\"\" srcset=\"http:\/\/enteculturalsantafesino.com.ar\/usina4\/wp-content\/uploads\/2016\/08\/DSC_0571a-1-150x150.jpg 150w, http:\/\/enteculturalsantafesino.com.ar\/usina4\/wp-content\/uploads\/2016\/08\/DSC_0571a-1-53x53.jpg 53w\" sizes=\"(max-width: 150px) 100vw, 150px\" \/><\/a>\n\t\t\t<\/dt><\/dl><dl class='gallery-item'>\n\t\t\t<dt class='gallery-icon landscape'>\n\t\t\t\t<a href='http:\/\/enteculturalsantafesino.com.ar\/usina4\/2016\/08\/a-sala-llena-se-presento-la-obra-salve-argentina\/dsc_0637a\/'><img loading=\"lazy\" decoding=\"async\" width=\"150\" height=\"150\" src=\"http:\/\/enteculturalsantafesino.com.ar\/usina4\/wp-content\/uploads\/2016\/08\/DSC_0637a-150x150.jpg\" class=\"attachment-thumbnail size-thumbnail\" alt=\"\" srcset=\"http:\/\/enteculturalsantafesino.com.ar\/usina4\/wp-content\/uploads\/2016\/08\/DSC_0637a-150x150.jpg 150w, http:\/\/enteculturalsantafesino.com.ar\/usina4\/wp-content\/uploads\/2016\/08\/DSC_0637a-53x53.jpg 53w\" sizes=\"(max-width: 150px) 100vw, 150px\" \/><\/a>\n\t\t\t<\/dt><\/dl><dl class='gallery-item'>\n\t\t\t<dt class='gallery-icon landscape'>\n\t\t\t\t<a href='http:\/\/enteculturalsantafesino.com.ar\/usina4\/2016\/08\/a-sala-llena-se-presento-la-obra-salve-argentina\/dsc_0579a-1\/'><img loading=\"lazy\" decoding=\"async\" width=\"150\" height=\"150\" src=\"http:\/\/enteculturalsantafesino.com.ar\/usina4\/wp-content\/uploads\/2016\/08\/DSC_0579a-1-150x150.jpg\" class=\"attachment-thumbnail size-thumbnail\" alt=\"\" srcset=\"http:\/\/enteculturalsantafesino.com.ar\/usina4\/wp-content\/uploads\/2016\/08\/DSC_0579a-1-150x150.jpg 150w, http:\/\/enteculturalsantafesino.com.ar\/usina4\/wp-content\/uploads\/2016\/08\/DSC_0579a-1-53x53.jpg 53w\" sizes=\"(max-width: 150px) 100vw, 150px\" \/><\/a>\n\t\t\t<\/dt><\/dl><br style=\"clear: both\" \/><dl class='gallery-item'>\n\t\t\t<dt class='gallery-icon landscape'>\n\t\t\t\t<a href='http:\/\/enteculturalsantafesino.com.ar\/usina4\/2016\/08\/a-sala-llena-se-presento-la-obra-salve-argentina\/dsc_0534a\/'><img loading=\"lazy\" decoding=\"async\" width=\"150\" height=\"150\" src=\"http:\/\/enteculturalsantafesino.com.ar\/usina4\/wp-content\/uploads\/2016\/08\/DSC_0534a-150x150.jpg\" class=\"attachment-thumbnail size-thumbnail\" alt=\"\" srcset=\"http:\/\/enteculturalsantafesino.com.ar\/usina4\/wp-content\/uploads\/2016\/08\/DSC_0534a-150x150.jpg 150w, http:\/\/enteculturalsantafesino.com.ar\/usina4\/wp-content\/uploads\/2016\/08\/DSC_0534a-53x53.jpg 53w\" sizes=\"(max-width: 150px) 100vw, 150px\" \/><\/a>\n\t\t\t<\/dt><\/dl><dl class='gallery-item'>\n\t\t\t<dt class='gallery-icon landscape'>\n\t\t\t\t<a href='http:\/\/enteculturalsantafesino.com.ar\/usina4\/2016\/08\/a-sala-llena-se-presento-la-obra-salve-argentina\/dsc_0514a\/'><img loading=\"lazy\" decoding=\"async\" width=\"150\" height=\"150\" src=\"http:\/\/enteculturalsantafesino.com.ar\/usina4\/wp-content\/uploads\/2016\/08\/DSC_0514a-150x150.jpg\" class=\"attachment-thumbnail size-thumbnail\" alt=\"\" srcset=\"http:\/\/enteculturalsantafesino.com.ar\/usina4\/wp-content\/uploads\/2016\/08\/DSC_0514a-150x150.jpg 150w, http:\/\/enteculturalsantafesino.com.ar\/usina4\/wp-content\/uploads\/2016\/08\/DSC_0514a-53x53.jpg 53w\" sizes=\"(max-width: 150px) 100vw, 150px\" \/><\/a>\n\t\t\t<\/dt><\/dl><dl class='gallery-item'>\n\t\t\t<dt class='gallery-icon landscape'>\n\t\t\t\t<a href='http:\/\/enteculturalsantafesino.com.ar\/usina4\/2016\/08\/a-sala-llena-se-presento-la-obra-salve-argentina\/dsc_0433a\/'><img loading=\"lazy\" decoding=\"async\" width=\"150\" height=\"150\" src=\"http:\/\/enteculturalsantafesino.com.ar\/usina4\/wp-content\/uploads\/2016\/08\/DSC_0433a-150x150.jpg\" class=\"attachment-thumbnail size-thumbnail\" alt=\"\" srcset=\"http:\/\/enteculturalsantafesino.com.ar\/usina4\/wp-content\/uploads\/2016\/08\/DSC_0433a-150x150.jpg 150w, http:\/\/enteculturalsantafesino.com.ar\/usina4\/wp-content\/uploads\/2016\/08\/DSC_0433a-53x53.jpg 53w\" sizes=\"(max-width: 150px) 100vw, 150px\" \/><\/a>\n\t\t\t<\/dt><\/dl><dl class='gallery-item'>\n\t\t\t<dt class='gallery-icon landscape'>\n\t\t\t\t<a href='http:\/\/enteculturalsantafesino.com.ar\/usina4\/2016\/08\/a-sala-llena-se-presento-la-obra-salve-argentina\/dsc_0326a\/'><img loading=\"lazy\" decoding=\"async\" width=\"150\" height=\"150\" src=\"http:\/\/enteculturalsantafesino.com.ar\/usina4\/wp-content\/uploads\/2016\/08\/DSC_0326a-150x150.jpg\" class=\"attachment-thumbnail size-thumbnail\" alt=\"\" srcset=\"http:\/\/enteculturalsantafesino.com.ar\/usina4\/wp-content\/uploads\/2016\/08\/DSC_0326a-150x150.jpg 150w, http:\/\/enteculturalsantafesino.com.ar\/usina4\/wp-content\/uploads\/2016\/08\/DSC_0326a-53x53.jpg 53w\" sizes=\"(max-width: 150px) 100vw, 150px\" \/><\/a>\n\t\t\t<\/dt><\/dl><br style=\"clear: both\" \/>\n\t\t<\/div>\n\n<p>El domingo 28 de agosto se present\u00f3 \u201cSalve Argentina\u201d, un proyecto del Ente Cultural Santafesino que en base a canciones, danzas, im\u00e1genes y textos, mostr\u00f3 con excelencia el transcurrir de 200 a\u00f1os de nuestra historia ante un p\u00fablico numeroso, entusiasta y participativo.<\/p>\n<p>El espect\u00e1culo se desarroll\u00f3 desde las 19 horas en el Centro Cultural ATE &#8211; Casa Espa\u00f1a, de Santa Fe, donde 174 bailarines, 13 actores, 2 cantantes y 1 payador hicieron llegar a los presentes, mediante la expresi\u00f3n art\u00edstica, las vivencias y emociones de dos siglos de vida de la Patria desde su Independencia.<\/p>\n<p>\u201cSalve Argentina\u201d es una obra coordinada por el Ente Cultural Santafesino, integrada por artistas de las distintas localidades que integran a sus siete Usinas Culturales y auspiciada por la Diputada Provincial Claudia Giaccone. La direcci\u00f3n general estuvo a cargo de la Profesora Romina Rodr\u00edguez Kern y del Prof. C\u00e9sar Hern\u00e1ndez, quienes recorrieron desde el mes de mayo, distintas localidades de cada Usina disponiendo de la coreograf\u00eda y originando una escena art\u00edstica por cada territorio cultural.<\/p>\n<p>Con din\u00e1mica esc\u00e9nica y activa participaci\u00f3n del p\u00fablico, se mostr\u00f3 sobre el escenario \u2013y por momentos entre las plateas- una introducci\u00f3n a toda danza, fueron vivi\u00e9ndose en la sala el 25 de Mayo, la creaci\u00f3n de la Bandera, las luchas por la independencia \u2013con G\u00fcemes, Belgrano, San Mart\u00edn, Juana Azurduy-, el Congreso en Tucum\u00e1n; la vida del gaucho, su familia, su trabajo; los malones, la conquista de tierras del ej\u00e9rcito del Gral. Roca, el exterminio aborigen; la inmigraci\u00f3n europea, la agricultura en las pampas, la vida urbana, el tango; la participaci\u00f3n y los movimientos populares; dictaduras; las Madres, el Nunca M\u00e1s; Malvinas; democracia; y un final todos juntos, pintado de argentinidad.<\/p>\n<p><em>\u00a0\u201cSalve Argentina\u201d, una obra profundamente santafesina cargada de emociones, talento y energ\u00eda de cada uno de los rincones promovidos por las Usinas Culturales.\u00a0<\/em><\/p>\n<p><em>\u00abHoy es un d\u00eda de mucha felicidad y reconocimiento para cada participante que lleg\u00f3 a la capital santafesina demostrando que se puede trabajar con la premisa de nuestro Ente Cultural Santafesino\u00bb: Juntos, M\u00e1s y Mejor, se\u00f1al\u00f3 <strong>Romina Rodriguez Kern.<\/strong><\/em><\/p>\n","protected":false},"excerpt":{"rendered":"<p>\u201cSalve Argentina expresa la integraci\u00f3n de los pueblos del interior santafesino\u00bb\u00a0 El domingo 28 de agosto se [&hellip;]<\/p>\n","protected":false},"author":3,"featured_media":1869,"comment_status":"open","ping_status":"open","sticky":false,"template":"","format":"standard","meta":{"_jetpack_memberships_contains_paid_content":false,"footnotes":"","jetpack_publicize_message":"","jetpack_publicize_feature_enabled":true,"jetpack_social_post_already_shared":true,"jetpack_social_options":{"image_generator_settings":{"template":"highway","enabled":false}}},"categories":[6],"tags":[],"jetpack_publicize_connections":[],"jetpack_featured_media_url":"http:\/\/enteculturalsantafesino.com.ar\/usina4\/wp-content\/uploads\/2016\/08\/DSC_0514a.jpg","jetpack_sharing_enabled":true,"_links":{"self":[{"href":"http:\/\/enteculturalsantafesino.com.ar\/usina4\/wp-json\/wp\/v2\/posts\/1867"}],"collection":[{"href":"http:\/\/enteculturalsantafesino.com.ar\/usina4\/wp-json\/wp\/v2\/posts"}],"about":[{"href":"http:\/\/enteculturalsantafesino.com.ar\/usina4\/wp-json\/wp\/v2\/types\/post"}],"author":[{"embeddable":true,"href":"http:\/\/enteculturalsantafesino.com.ar\/usina4\/wp-json\/wp\/v2\/users\/3"}],"replies":[{"embeddable":true,"href":"http:\/\/enteculturalsantafesino.com.ar\/usina4\/wp-json\/wp\/v2\/comments?post=1867"}],"version-history":[{"count":0,"href":"http:\/\/enteculturalsantafesino.com.ar\/usina4\/wp-json\/wp\/v2\/posts\/1867\/revisions"}],"wp:featuredmedia":[{"embeddable":true,"href":"http:\/\/enteculturalsantafesino.com.ar\/usina4\/wp-json\/wp\/v2\/media\/1869"}],"wp:attachment":[{"href":"http:\/\/enteculturalsantafesino.com.ar\/usina4\/wp-json\/wp\/v2\/media?parent=1867"}],"wp:term":[{"taxonomy":"category","embeddable":true,"href":"http:\/\/enteculturalsantafesino.com.ar\/usina4\/wp-json\/wp\/v2\/categories?post=1867"},{"taxonomy":"post_tag","embeddable":true,"href":"http:\/\/enteculturalsantafesino.com.ar\/usina4\/wp-json\/wp\/v2\/tags?post=1867"}],"curies":[{"name":"wp","href":"https:\/\/api.w.org\/{rel}","templated":true}]}}