{"id":3135,"date":"2019-08-25T22:42:37","date_gmt":"2019-08-25T22:42:37","guid":{"rendered":"http:\/\/enteculturalsantafesino.com.ar\/usina4\/?p=3135"},"modified":"2019-08-25T22:42:42","modified_gmt":"2019-08-25T22:42:42","slug":"bernardo-de-irigoyen-vivio-su-etapa-local-del-torneo-provincial-de-bolitas","status":"publish","type":"post","link":"http:\/\/enteculturalsantafesino.com.ar\/usina4\/2019\/08\/bernardo-de-irigoyen-vivio-su-etapa-local-del-torneo-provincial-de-bolitas\/","title":{"rendered":"Bernardo de Irigoyen vivi\u00f3 su etapa local del \u00abTorneo Provincial de Bolitas\u00bb"},"content":{"rendered":"\n<ul class=\"wp-block-gallery columns-5 is-cropped wp-block-gallery-1 is-layout-flex wp-block-gallery-is-layout-flex\"><li class=\"blocks-gallery-item\"><figure><img loading=\"lazy\" decoding=\"async\" width=\"720\" height=\"960\" src=\"http:\/\/enteculturalsantafesino.com.ar\/usina4\/wp-content\/uploads\/2019\/08\/68973374_2088996098069903_7492270444406374400_n.jpg\" alt=\"\" data-id=\"3140\" data-link=\"http:\/\/enteculturalsantafesino.com.ar\/usina4\/?attachment_id=3140\" class=\"wp-image-3140\" srcset=\"http:\/\/enteculturalsantafesino.com.ar\/usina4\/wp-content\/uploads\/2019\/08\/68973374_2088996098069903_7492270444406374400_n.jpg 720w, http:\/\/enteculturalsantafesino.com.ar\/usina4\/wp-content\/uploads\/2019\/08\/68973374_2088996098069903_7492270444406374400_n-225x300.jpg 225w\" sizes=\"(max-width: 720px) 100vw, 720px\" \/><\/figure><\/li><li class=\"blocks-gallery-item\"><figure><img loading=\"lazy\" decoding=\"async\" width=\"720\" height=\"960\" src=\"http:\/\/enteculturalsantafesino.com.ar\/usina4\/wp-content\/uploads\/2019\/08\/69302786_525404838229707_1849472750847000576_n.jpg\" alt=\"\" data-id=\"3139\" data-link=\"http:\/\/enteculturalsantafesino.com.ar\/usina4\/?attachment_id=3139\" class=\"wp-image-3139\" srcset=\"http:\/\/enteculturalsantafesino.com.ar\/usina4\/wp-content\/uploads\/2019\/08\/69302786_525404838229707_1849472750847000576_n.jpg 720w, http:\/\/enteculturalsantafesino.com.ar\/usina4\/wp-content\/uploads\/2019\/08\/69302786_525404838229707_1849472750847000576_n-225x300.jpg 225w\" sizes=\"(max-width: 720px) 100vw, 720px\" \/><\/figure><\/li><li class=\"blocks-gallery-item\"><figure><img loading=\"lazy\" decoding=\"async\" width=\"720\" height=\"960\" src=\"http:\/\/enteculturalsantafesino.com.ar\/usina4\/wp-content\/uploads\/2019\/08\/69294893_2676594319037567_2678391620679761920_n.jpg\" alt=\"\" data-id=\"3138\" data-link=\"http:\/\/enteculturalsantafesino.com.ar\/usina4\/?attachment_id=3138\" class=\"wp-image-3138\" srcset=\"http:\/\/enteculturalsantafesino.com.ar\/usina4\/wp-content\/uploads\/2019\/08\/69294893_2676594319037567_2678391620679761920_n.jpg 720w, http:\/\/enteculturalsantafesino.com.ar\/usina4\/wp-content\/uploads\/2019\/08\/69294893_2676594319037567_2678391620679761920_n-225x300.jpg 225w\" sizes=\"(max-width: 720px) 100vw, 720px\" \/><\/figure><\/li><li class=\"blocks-gallery-item\"><figure><img loading=\"lazy\" decoding=\"async\" width=\"720\" height=\"960\" src=\"http:\/\/enteculturalsantafesino.com.ar\/usina4\/wp-content\/uploads\/2019\/08\/68949862_955298478145726_4211954219642519552_n.jpg\" alt=\"\" data-id=\"3137\" data-link=\"http:\/\/enteculturalsantafesino.com.ar\/usina4\/?attachment_id=3137\" class=\"wp-image-3137\" srcset=\"http:\/\/enteculturalsantafesino.com.ar\/usina4\/wp-content\/uploads\/2019\/08\/68949862_955298478145726_4211954219642519552_n.jpg 720w, http:\/\/enteculturalsantafesino.com.ar\/usina4\/wp-content\/uploads\/2019\/08\/68949862_955298478145726_4211954219642519552_n-225x300.jpg 225w\" sizes=\"(max-width: 720px) 100vw, 720px\" \/><\/figure><\/li><li class=\"blocks-gallery-item\"><figure><img loading=\"lazy\" decoding=\"async\" width=\"720\" height=\"960\" src=\"http:\/\/enteculturalsantafesino.com.ar\/usina4\/wp-content\/uploads\/2019\/08\/68827730_2252643025029969_2947357127183695872_n.jpg\" alt=\"\" data-id=\"3136\" data-link=\"http:\/\/enteculturalsantafesino.com.ar\/usina4\/?attachment_id=3136\" class=\"wp-image-3136\" srcset=\"http:\/\/enteculturalsantafesino.com.ar\/usina4\/wp-content\/uploads\/2019\/08\/68827730_2252643025029969_2947357127183695872_n.jpg 720w, http:\/\/enteculturalsantafesino.com.ar\/usina4\/wp-content\/uploads\/2019\/08\/68827730_2252643025029969_2947357127183695872_n-225x300.jpg 225w\" sizes=\"(max-width: 720px) 100vw, 720px\" \/><\/figure><\/li><\/ul>\n\n\n\n<p>Este\u00a0<strong>domingo 25\u00a0<\/strong>en el\u00a0<strong>Predio del Ferrocarril<\/strong>, la\u00a0<strong>Comuna local\u00a0<\/strong>junto al\u00a0<strong>Ente Cultural Santafesino<\/strong>\u00a0y el auspicio de la\u00a0<strong>Diputada Provincial Claudia Giaccone<\/strong>\u00a0llevaron a cabo la instancia local del\u00a0<strong>\u00abTercer Torneo Provincial de Bolitas\u00bb<\/strong>\u2013<strong>\u00abCopa Cristaler\u00eda San Carlos\u00bb.<\/strong><\/p>\n\n\n\n<p>Con una gran adhesi\u00f3n de vecinos de distintas edades se fueron sumando a esta propuesta que recorre toda la provincia y tendr\u00e1 su etapa regional en Larrechea, el 8 de septiembre.<\/p>\n\n\n\n<p>Repitiendo la exitosa experiencia de los a\u00f1os anteriores y recogiendo esta actividad l\u00fadica&nbsp;la cual se&nbsp;extiende en m\u00e1s de cien comunidades, buscando difundir no solo este juego tradicional, sino tambi\u00e9n la producci\u00f3n y la cultura del trabajo santafesino.<\/p>\n\n\n\n<p><strong>El torneo presenta 4 categor\u00edas:<\/strong><\/p>\n\n\n\n<p>Categor\u00eda \u201cA\u201d de 8 a 12 a\u00f1os; Categor\u00eda \u201cB\u201d de 13 a 15 a\u00f1os; Categor\u00eda \u201cC\u201d de 16 a 30 a\u00f1os; y Categor\u00eda \u201cD\u201d de 31 en adelante<\/p>\n\n\n\n<p>El certamen cuenta con competencias locales, luego regionales y la gran final que ser\u00e1 en la ciudad de San Jorge el 29 de septiembre, posibilitando que los participantes recorran la primera f\u00e1brica argentina de Bolitas de Cristal.<\/p>\n\n\n\n<p><strong><em>Ganadores<\/em><\/strong>:<br>Categor\u00eda A:\u00a0<em>Valent\u00edn Zapata<\/em><\/p>\n\n\n\n<p>Categor\u00eda B:\u00a0Tob\u00edas P\u00e9rez<\/p>\n\n\n\n<p>Categor\u00eda D:\u00a0<em>Wilfredo Rodriguez<\/em><\/p>\n","protected":false},"excerpt":{"rendered":"<p>Este\u00a0domingo 25\u00a0en el\u00a0Predio del Ferrocarril, la\u00a0Comuna local\u00a0junto al\u00a0Ente Cultural Santafesino\u00a0y el auspicio de la\u00a0Diputada Provincial Claudia Giaccone\u00a0llevaron [&hellip;]<\/p>\n","protected":false},"author":3,"featured_media":3138,"comment_status":"open","ping_status":"open","sticky":false,"template":"","format":"standard","meta":{"_jetpack_memberships_contains_paid_content":false,"footnotes":"","jetpack_publicize_message":"","jetpack_publicize_feature_enabled":true,"jetpack_social_post_already_shared":true,"jetpack_social_options":{"image_generator_settings":{"template":"highway","enabled":false}}},"categories":[19,6],"tags":[],"jetpack_publicize_connections":[],"jetpack_featured_media_url":"http:\/\/enteculturalsantafesino.com.ar\/usina4\/wp-content\/uploads\/2019\/08\/69294893_2676594319037567_2678391620679761920_n.jpg","jetpack_sharing_enabled":true,"_links":{"self":[{"href":"http:\/\/enteculturalsantafesino.com.ar\/usina4\/wp-json\/wp\/v2\/posts\/3135"}],"collection":[{"href":"http:\/\/enteculturalsantafesino.com.ar\/usina4\/wp-json\/wp\/v2\/posts"}],"about":[{"href":"http:\/\/enteculturalsantafesino.com.ar\/usina4\/wp-json\/wp\/v2\/types\/post"}],"author":[{"embeddable":true,"href":"http:\/\/enteculturalsantafesino.com.ar\/usina4\/wp-json\/wp\/v2\/users\/3"}],"replies":[{"embeddable":true,"href":"http:\/\/enteculturalsantafesino.com.ar\/usina4\/wp-json\/wp\/v2\/comments?post=3135"}],"version-history":[{"count":1,"href":"http:\/\/enteculturalsantafesino.com.ar\/usina4\/wp-json\/wp\/v2\/posts\/3135\/revisions"}],"predecessor-version":[{"id":3141,"href":"http:\/\/enteculturalsantafesino.com.ar\/usina4\/wp-json\/wp\/v2\/posts\/3135\/revisions\/3141"}],"wp:featuredmedia":[{"embeddable":true,"href":"http:\/\/enteculturalsantafesino.com.ar\/usina4\/wp-json\/wp\/v2\/media\/3138"}],"wp:attachment":[{"href":"http:\/\/enteculturalsantafesino.com.ar\/usina4\/wp-json\/wp\/v2\/media?parent=3135"}],"wp:term":[{"taxonomy":"category","embeddable":true,"href":"http:\/\/enteculturalsantafesino.com.ar\/usina4\/wp-json\/wp\/v2\/categories?post=3135"},{"taxonomy":"post_tag","embeddable":true,"href":"http:\/\/enteculturalsantafesino.com.ar\/usina4\/wp-json\/wp\/v2\/tags?post=3135"}],"curies":[{"name":"wp","href":"https:\/\/api.w.org\/{rel}","templated":true}]}}