{"id":3142,"date":"2019-08-26T19:42:05","date_gmt":"2019-08-26T19:42:05","guid":{"rendered":"http:\/\/enteculturalsantafesino.com.ar\/usina4\/?p=3142"},"modified":"2019-08-26T19:42:11","modified_gmt":"2019-08-26T19:42:11","slug":"celebraron-las-cuatro-decadas-de-rogelio-borra-garcia-con-el-arte","status":"publish","type":"post","link":"http:\/\/enteculturalsantafesino.com.ar\/usina4\/2019\/08\/celebraron-las-cuatro-decadas-de-rogelio-borra-garcia-con-el-arte\/","title":{"rendered":"Celebraron las cuatro d\u00e9cadas de Rogelio Borra garc\u00eda con el Arte"},"content":{"rendered":"\n<p><strong>Cuatro d\u00e9cadas transcurrieron desde la puesta en escena de \u00abEl Intruso\u00bb en el escenario del Cine Teatro Centenario. All\u00ed se iniciaba oficialmente, el 23 de agosto de 1979, la prol\u00edfica carrera de Rogelio Borra Garc\u00eda.<\/strong><\/p>\n\n\n\n<p>En realidad, todo hab\u00eda comenzado mucho tiempo antes: \u00abMis inicios fueron cuando no hab\u00eda nada de teatro aqu\u00ed\u2026 Lo \u00faltimo lo hab\u00eda hecho Betty Frutos y su gente y ella ya no estaba en G\u00e1lvez, comenzamos casi por accidente, y despu\u00e9s ya no paramos m\u00e1s\u201d, record\u00f3, refiri\u00e9ndose por \u201caccidente\u201d al hecho de que, estando Borra en el Coro Polif\u00f3nico, necesitaban alguien que escriba un sketch, lo que \u00e9l hizo gustoso, para luego hacer de la escritura una de sus pasiones hasta la actualidad.<\/p>\n\n\n\n<p><strong>Con motivo de cumplirse 40 a\u00f1os de esa fecha, se le realiz\u00f3 un reconocimiento en la Casa de la Historia y la Cultura del Bicentenario donde se recorri\u00f3 su trayectoria, se recordaron an\u00e9cdotas y el intendente Mario Fissore le entreg\u00f3 una plaqueta felicit\u00e1ndolo por su \u00abaporte a la cultural para la ciudad y por haber traspasado las fronteras de la provincia y el pa\u00eds\u00bb.<\/strong><\/p>\n\n\n\n<p>Rogelio entendi\u00f3 que \u201ces dif\u00edcil decir qu\u00e9 es lo que m\u00e1s me gusta\u2026 Me gusta actuar y s\u00ed me gustar\u00eda mucho que me dirijan, tener alguien que me dirija y que no sea yo mismo. Tambi\u00e9n me gusta la docencia de actores, y escribir tambi\u00e9n. No podr\u00eda quedarme con una actividad espec\u00edfica\u201c. Y consultado sobre qu\u00e9 lo inspira, Borra sostuvo que \u201clos temas surgen\u2026 de la nada, de comentarios, de un tema musical, de algo que me gust\u00f3 o escuch\u00e9, de cosas que me pasan, de un fragmento que v\u00ed o le\u00ed de la vida real\u2026 Son todos disparadores que llegan cuando uno menos se lo espera. La inspiraci\u00f3n llega en cualquier momento\u201c.<\/p>\n\n\n\n<p>Adem\u00e1s de actuar y dirigir, Rogelio pudo plasmar su escritura en un libro: TEATRO I, que en sus p\u00e1ginas incluye las obras que se han representando en pa\u00edses de Am\u00e9rica y Europa. Pero Borra se adentr\u00f3 tambi\u00e9n en el mundo del cine, con los cortos y mediometrajes que se plasman en \u00abCine con galvenses\u00bb.<\/p>\n\n\n\n<p>Durante el reconocimiento se vivieron momentos de gran emoci\u00f3n, resumiendo cuatro d\u00e9cadas de trabajo y pasi\u00f3n en el arte galvense\u2026<\/p>\n\n\n\n<p><strong>Fuente: G\u00e1lvez Hoy<\/strong><\/p>\n","protected":false},"excerpt":{"rendered":"<p>Cuatro d\u00e9cadas transcurrieron desde la puesta en escena de \u00abEl Intruso\u00bb en el escenario del Cine Teatro [&hellip;]<\/p>\n","protected":false},"author":3,"featured_media":3145,"comment_status":"open","ping_status":"open","sticky":false,"template":"","format":"standard","meta":{"_jetpack_memberships_contains_paid_content":false,"footnotes":"","jetpack_publicize_message":"","jetpack_publicize_feature_enabled":true,"jetpack_social_post_already_shared":true,"jetpack_social_options":{"image_generator_settings":{"template":"highway","enabled":false}}},"categories":[13],"tags":[],"jetpack_publicize_connections":[],"jetpack_featured_media_url":"http:\/\/enteculturalsantafesino.com.ar\/usina4\/wp-content\/uploads\/2019\/08\/0823-ROGELIO-BORRA-18.jpg","jetpack_sharing_enabled":true,"_links":{"self":[{"href":"http:\/\/enteculturalsantafesino.com.ar\/usina4\/wp-json\/wp\/v2\/posts\/3142"}],"collection":[{"href":"http:\/\/enteculturalsantafesino.com.ar\/usina4\/wp-json\/wp\/v2\/posts"}],"about":[{"href":"http:\/\/enteculturalsantafesino.com.ar\/usina4\/wp-json\/wp\/v2\/types\/post"}],"author":[{"embeddable":true,"href":"http:\/\/enteculturalsantafesino.com.ar\/usina4\/wp-json\/wp\/v2\/users\/3"}],"replies":[{"embeddable":true,"href":"http:\/\/enteculturalsantafesino.com.ar\/usina4\/wp-json\/wp\/v2\/comments?post=3142"}],"version-history":[{"count":1,"href":"http:\/\/enteculturalsantafesino.com.ar\/usina4\/wp-json\/wp\/v2\/posts\/3142\/revisions"}],"predecessor-version":[{"id":3146,"href":"http:\/\/enteculturalsantafesino.com.ar\/usina4\/wp-json\/wp\/v2\/posts\/3142\/revisions\/3146"}],"wp:featuredmedia":[{"embeddable":true,"href":"http:\/\/enteculturalsantafesino.com.ar\/usina4\/wp-json\/wp\/v2\/media\/3145"}],"wp:attachment":[{"href":"http:\/\/enteculturalsantafesino.com.ar\/usina4\/wp-json\/wp\/v2\/media?parent=3142"}],"wp:term":[{"taxonomy":"category","embeddable":true,"href":"http:\/\/enteculturalsantafesino.com.ar\/usina4\/wp-json\/wp\/v2\/categories?post=3142"},{"taxonomy":"post_tag","embeddable":true,"href":"http:\/\/enteculturalsantafesino.com.ar\/usina4\/wp-json\/wp\/v2\/tags?post=3142"}],"curies":[{"name":"wp","href":"https:\/\/api.w.org\/{rel}","templated":true}]}}