{"id":3147,"date":"2019-08-26T19:49:05","date_gmt":"2019-08-26T19:49:05","guid":{"rendered":"http:\/\/enteculturalsantafesino.com.ar\/usina4\/?p=3147"},"modified":"2019-08-26T19:55:21","modified_gmt":"2019-08-26T19:55:21","slug":"el-coro-polifonico-festejo-su-sexagesimo-aniversario-con-un-canto-pleno","status":"publish","type":"post","link":"http:\/\/enteculturalsantafesino.com.ar\/usina4\/2019\/08\/el-coro-polifonico-festejo-su-sexagesimo-aniversario-con-un-canto-pleno\/","title":{"rendered":"El Coro Polif\u00f3nico festej\u00f3 su sexag\u00e9simo aniversario con  un \u00abCanto Pleno\u00bb"},"content":{"rendered":"\n<p><strong>\u00abCanto Pleno\u00bb, un puesta del Coro Polif\u00f3nico Municipal para celebrar su sexag\u00e9simo aniversario, se present\u00f3 el s\u00e1bado por la noche en el Teatro Marconi.<\/strong>&nbsp;A sala llena, el espect\u00e1culo cont\u00f3 con m\u00fasicos en vivo, bailarines y actores, as\u00ed como la participaci\u00f3n del Coro Municipal de Ni\u00f1os y Adolescentes.<\/p>\n\n\n\n<p>Rescatando a dos grandes individualidades de la cultura local -el poeta y escritor Jos\u00e9 Pedroni-, que desde su mirada reconoci\u00f3 al inmigrante, su oficio y su impronta; y el m\u00fasico y compositor Ariel Ram\u00edrez, con su descripci\u00f3n del paisaje santafesino y la solemnidad de su obra la Misa Criolla, la propuesta fue pensada para simbolizar las seis d\u00e9cadas de vida de la agrupaci\u00f3n coral galvense.<\/p>\n\n\n\n<p><strong>Con interpretaciones que arrancaron aplausos del p\u00fablico, los coreutas se lucieron en un espect\u00e1culo sin precedentes en la ciudad.<\/strong><\/p>\n\n\n\n<p>Destacando el trabajo, compromiso y dedicaci\u00f3n de su grupo coral, el director maestro N\u00e9stor Mozzoni agradeci\u00f3 el acompa\u00f1amiento de todos los presentes invitando al\u00a0<strong>48\u00b0 Festival de Coros de G\u00e1lvez, que se llevar\u00e1 a cabo el pr\u00f3ximo 7 de septiembre en el Teatro Marconi a las 21 horas.<\/strong><\/p>\n\n\n\n<p><strong>Fuente: G\u00e1lvez Hoy<\/strong><\/p>\n","protected":false},"excerpt":{"rendered":"<p>\u00abCanto Pleno\u00bb, un puesta del Coro Polif\u00f3nico Municipal para celebrar su sexag\u00e9simo aniversario, se present\u00f3 el s\u00e1bado [&hellip;]<\/p>\n","protected":false},"author":3,"featured_media":3148,"comment_status":"open","ping_status":"open","sticky":false,"template":"","format":"standard","meta":{"_jetpack_memberships_contains_paid_content":false,"footnotes":"","jetpack_publicize_message":"","jetpack_publicize_feature_enabled":true,"jetpack_social_post_already_shared":true,"jetpack_social_options":{"image_generator_settings":{"template":"highway","enabled":false}}},"categories":[13],"tags":[],"jetpack_publicize_connections":[],"jetpack_featured_media_url":"http:\/\/enteculturalsantafesino.com.ar\/usina4\/wp-content\/uploads\/2019\/08\/El-Coro-Polif\u00f3nico-present\u00f3-CANTO-PLENO-59.jpg","jetpack_sharing_enabled":true,"_links":{"self":[{"href":"http:\/\/enteculturalsantafesino.com.ar\/usina4\/wp-json\/wp\/v2\/posts\/3147"}],"collection":[{"href":"http:\/\/enteculturalsantafesino.com.ar\/usina4\/wp-json\/wp\/v2\/posts"}],"about":[{"href":"http:\/\/enteculturalsantafesino.com.ar\/usina4\/wp-json\/wp\/v2\/types\/post"}],"author":[{"embeddable":true,"href":"http:\/\/enteculturalsantafesino.com.ar\/usina4\/wp-json\/wp\/v2\/users\/3"}],"replies":[{"embeddable":true,"href":"http:\/\/enteculturalsantafesino.com.ar\/usina4\/wp-json\/wp\/v2\/comments?post=3147"}],"version-history":[{"count":2,"href":"http:\/\/enteculturalsantafesino.com.ar\/usina4\/wp-json\/wp\/v2\/posts\/3147\/revisions"}],"predecessor-version":[{"id":3150,"href":"http:\/\/enteculturalsantafesino.com.ar\/usina4\/wp-json\/wp\/v2\/posts\/3147\/revisions\/3150"}],"wp:featuredmedia":[{"embeddable":true,"href":"http:\/\/enteculturalsantafesino.com.ar\/usina4\/wp-json\/wp\/v2\/media\/3148"}],"wp:attachment":[{"href":"http:\/\/enteculturalsantafesino.com.ar\/usina4\/wp-json\/wp\/v2\/media?parent=3147"}],"wp:term":[{"taxonomy":"category","embeddable":true,"href":"http:\/\/enteculturalsantafesino.com.ar\/usina4\/wp-json\/wp\/v2\/categories?post=3147"},{"taxonomy":"post_tag","embeddable":true,"href":"http:\/\/enteculturalsantafesino.com.ar\/usina4\/wp-json\/wp\/v2\/tags?post=3147"}],"curies":[{"name":"wp","href":"https:\/\/api.w.org\/{rel}","templated":true}]}}