{"id":3151,"date":"2019-08-26T20:07:33","date_gmt":"2019-08-26T20:07:33","guid":{"rendered":"http:\/\/enteculturalsantafesino.com.ar\/usina4\/?p=3151"},"modified":"2019-08-26T20:07:37","modified_gmt":"2019-08-26T20:07:37","slug":"galvez-desarrollo-el-tercer-torneo-provincial-de-bolitas","status":"publish","type":"post","link":"http:\/\/enteculturalsantafesino.com.ar\/usina4\/2019\/08\/galvez-desarrollo-el-tercer-torneo-provincial-de-bolitas\/","title":{"rendered":"G\u00e1lvez desarroll\u00f3 el \u00abTercer Torneo Provincial de Bolitas\u00bb"},"content":{"rendered":"\n<ul class=\"wp-block-gallery columns-3 is-cropped wp-block-gallery-1 is-layout-flex wp-block-gallery-is-layout-flex\"><li class=\"blocks-gallery-item\"><figure><img loading=\"lazy\" decoding=\"async\" width=\"774\" height=\"774\" src=\"http:\/\/enteculturalsantafesino.com.ar\/usina4\/wp-content\/uploads\/2019\/08\/69482111_943602799365313_2914391681228865536_n.jpg\" alt=\"\" data-id=\"3152\" data-link=\"http:\/\/enteculturalsantafesino.com.ar\/usina4\/?attachment_id=3152\" class=\"wp-image-3152\" srcset=\"http:\/\/enteculturalsantafesino.com.ar\/usina4\/wp-content\/uploads\/2019\/08\/69482111_943602799365313_2914391681228865536_n.jpg 774w, http:\/\/enteculturalsantafesino.com.ar\/usina4\/wp-content\/uploads\/2019\/08\/69482111_943602799365313_2914391681228865536_n-150x150.jpg 150w, http:\/\/enteculturalsantafesino.com.ar\/usina4\/wp-content\/uploads\/2019\/08\/69482111_943602799365313_2914391681228865536_n-300x300.jpg 300w, http:\/\/enteculturalsantafesino.com.ar\/usina4\/wp-content\/uploads\/2019\/08\/69482111_943602799365313_2914391681228865536_n-768x768.jpg 768w, http:\/\/enteculturalsantafesino.com.ar\/usina4\/wp-content\/uploads\/2019\/08\/69482111_943602799365313_2914391681228865536_n-53x53.jpg 53w\" sizes=\"(max-width: 774px) 100vw, 774px\" \/><\/figure><\/li><li class=\"blocks-gallery-item\"><figure><img loading=\"lazy\" decoding=\"async\" width=\"960\" height=\"720\" src=\"http:\/\/enteculturalsantafesino.com.ar\/usina4\/wp-content\/uploads\/2019\/08\/69488767_721119061634172_8676217693247897600_n.jpg\" alt=\"\" data-id=\"3153\" data-link=\"http:\/\/enteculturalsantafesino.com.ar\/usina4\/?attachment_id=3153\" class=\"wp-image-3153\" srcset=\"http:\/\/enteculturalsantafesino.com.ar\/usina4\/wp-content\/uploads\/2019\/08\/69488767_721119061634172_8676217693247897600_n.jpg 960w, http:\/\/enteculturalsantafesino.com.ar\/usina4\/wp-content\/uploads\/2019\/08\/69488767_721119061634172_8676217693247897600_n-300x225.jpg 300w, http:\/\/enteculturalsantafesino.com.ar\/usina4\/wp-content\/uploads\/2019\/08\/69488767_721119061634172_8676217693247897600_n-768x576.jpg 768w\" sizes=\"(max-width: 960px) 100vw, 960px\" \/><\/figure><\/li><li class=\"blocks-gallery-item\"><figure><img loading=\"lazy\" decoding=\"async\" width=\"903\" height=\"678\" src=\"http:\/\/enteculturalsantafesino.com.ar\/usina4\/wp-content\/uploads\/2019\/08\/69878435_523146798227002_8213169692743827456_n.jpg\" alt=\"\" data-id=\"3154\" data-link=\"http:\/\/enteculturalsantafesino.com.ar\/usina4\/?attachment_id=3154\" class=\"wp-image-3154\" srcset=\"http:\/\/enteculturalsantafesino.com.ar\/usina4\/wp-content\/uploads\/2019\/08\/69878435_523146798227002_8213169692743827456_n.jpg 903w, http:\/\/enteculturalsantafesino.com.ar\/usina4\/wp-content\/uploads\/2019\/08\/69878435_523146798227002_8213169692743827456_n-300x225.jpg 300w, http:\/\/enteculturalsantafesino.com.ar\/usina4\/wp-content\/uploads\/2019\/08\/69878435_523146798227002_8213169692743827456_n-768x577.jpg 768w\" sizes=\"(max-width: 903px) 100vw, 903px\" \/><\/figure><\/li><\/ul>\n\n\n\n<p>Con el auspicio de la<strong> Diputada Provincial Claudia Giaccone <\/strong>y la organizaci\u00f3n del <strong>Municipio local<\/strong> y del <strong>Ente Cultural Santafesino<\/strong>, este\u00a0<strong>domingo 25\u00a0<\/strong>en el\u00a0nuevo edifico del <strong>DIAT<\/strong>, se llev\u00f3<strong> <\/strong>a cabo la instancia local del\u00a0<strong>\u00abTercer Torneo Provincial de Bolitas\u00bb<\/strong>\u2013<strong>\u00abCopa Cristaler\u00eda San Carlos\u00bb.<\/strong><\/p>\n\n\n\n<p>Con una gran adhesi\u00f3n de vecinos de distintas edades se fueron sumando a esta propuesta que recorre toda la provincia y tendr\u00e1 su etapa regional en\u00a0<strong>Larrechea<\/strong>, el\u00a0<strong>7 de septiembre.<\/strong><\/p>\n\n\n\n<p>Repitiendo la exitosa experiencia de los a\u00f1os anteriores y recogiendo esta actividad l\u00fadica&nbsp;la cual se&nbsp;extiende en m\u00e1s de cien comunidades, buscando difundir no solo este juego tradicional, sino tambi\u00e9n la producci\u00f3n y la cultura del trabajo santafesino.<\/p>\n\n\n\n<p><strong>El torneo presenta 4 categor\u00edas:<\/strong><\/p>\n\n\n\n<p>Categor\u00eda \u201cA\u201d de 8 a 12 a\u00f1os; Categor\u00eda \u201cB\u201d de 13 a 15 a\u00f1os; Categor\u00eda \u201cC\u201d de 16 a 30 a\u00f1os; y Categor\u00eda \u201cD\u201d de 31 en adelante<\/p>\n\n\n\n<p>El certamen cuenta con competencias locales, luego regionales y la gran final que ser\u00e1 en la ciudad de San Jorge el 29 de septiembre, posibilitando que los participantes recorran la primera f\u00e1brica argentina de Bolitas de Cristal.<\/p>\n\n\n\n<p><strong><em>Ganadores<\/em><\/strong>:<br><strong>Categor\u00eda A:\u00a0<\/strong><em>Uriel Arce<\/em><\/p>\n\n\n\n<p><strong>Categor\u00eda B:<\/strong>\u00a0<em>Sergio D\u00edaz<\/em><\/p>\n\n\n\n<p><strong>Categor\u00eda C: <\/strong><em>Daian Arce<\/em><\/p>\n","protected":false},"excerpt":{"rendered":"<p>Con el auspicio de la Diputada Provincial Claudia Giaccone y la organizaci\u00f3n del Municipio local y del [&hellip;]<\/p>\n","protected":false},"author":3,"featured_media":3152,"comment_status":"open","ping_status":"open","sticky":false,"template":"","format":"standard","meta":{"_jetpack_memberships_contains_paid_content":false,"footnotes":"","jetpack_publicize_message":"","jetpack_publicize_feature_enabled":true,"jetpack_social_post_already_shared":true,"jetpack_social_options":{"image_generator_settings":{"template":"highway","enabled":false}}},"categories":[13,6],"tags":[],"jetpack_publicize_connections":[],"jetpack_featured_media_url":"http:\/\/enteculturalsantafesino.com.ar\/usina4\/wp-content\/uploads\/2019\/08\/69482111_943602799365313_2914391681228865536_n.jpg","jetpack_sharing_enabled":true,"_links":{"self":[{"href":"http:\/\/enteculturalsantafesino.com.ar\/usina4\/wp-json\/wp\/v2\/posts\/3151"}],"collection":[{"href":"http:\/\/enteculturalsantafesino.com.ar\/usina4\/wp-json\/wp\/v2\/posts"}],"about":[{"href":"http:\/\/enteculturalsantafesino.com.ar\/usina4\/wp-json\/wp\/v2\/types\/post"}],"author":[{"embeddable":true,"href":"http:\/\/enteculturalsantafesino.com.ar\/usina4\/wp-json\/wp\/v2\/users\/3"}],"replies":[{"embeddable":true,"href":"http:\/\/enteculturalsantafesino.com.ar\/usina4\/wp-json\/wp\/v2\/comments?post=3151"}],"version-history":[{"count":1,"href":"http:\/\/enteculturalsantafesino.com.ar\/usina4\/wp-json\/wp\/v2\/posts\/3151\/revisions"}],"predecessor-version":[{"id":3155,"href":"http:\/\/enteculturalsantafesino.com.ar\/usina4\/wp-json\/wp\/v2\/posts\/3151\/revisions\/3155"}],"wp:featuredmedia":[{"embeddable":true,"href":"http:\/\/enteculturalsantafesino.com.ar\/usina4\/wp-json\/wp\/v2\/media\/3152"}],"wp:attachment":[{"href":"http:\/\/enteculturalsantafesino.com.ar\/usina4\/wp-json\/wp\/v2\/media?parent=3151"}],"wp:term":[{"taxonomy":"category","embeddable":true,"href":"http:\/\/enteculturalsantafesino.com.ar\/usina4\/wp-json\/wp\/v2\/categories?post=3151"},{"taxonomy":"post_tag","embeddable":true,"href":"http:\/\/enteculturalsantafesino.com.ar\/usina4\/wp-json\/wp\/v2\/tags?post=3151"}],"curies":[{"name":"wp","href":"https:\/\/api.w.org\/{rel}","templated":true}]}}