{"id":3542,"date":"2020-10-12T11:03:28","date_gmt":"2020-10-12T11:03:28","guid":{"rendered":"http:\/\/enteculturalsantafesino.com.ar\/usina4\/?p=3542"},"modified":"2020-10-12T11:07:52","modified_gmt":"2020-10-12T11:07:52","slug":"coronda-culmino-el-encuentro-de-danzas-folkloricas-argentinas","status":"publish","type":"post","link":"http:\/\/enteculturalsantafesino.com.ar\/usina4\/2020\/10\/coronda-culmino-el-encuentro-de-danzas-folkloricas-argentinas\/","title":{"rendered":"Coronda: Culmin\u00f3 el Encuentro de Danzas Folkl\u00f3ricas Argentinas"},"content":{"rendered":"\n<p class=\"wp-block-paragraph\">Finaliz\u00f3 el Encuentro de Danzas Folkl\u00f3ricas Argentinas con un nuevo acto para un grupo de asistentes presenciales y miles a nivel virtual.<\/p>\n\n\n\n<p class=\"wp-block-paragraph\">Hubo saludos de agrupaciones, ex bailarines, reconocimientos a Comisiones, sorpresas y brindis.<\/p>\n\n\n\n<p class=\"wp-block-paragraph\">Todo arranc\u00f3 el viernes por la noche en la misma sede del Sal\u00f3n Sal\u00f3n Cre-Arte donde se vivi\u00f3 la primera noche del Encuentro de Danzas Folkl\u00f3ricas Argentinas con videos preparados por agrupaciones amigas y reconocimientos.<\/p>\n\n\n\n<p class=\"wp-block-paragraph\">La actividad prosigui\u00f3 el s\u00e1bado con la caravana desde en el mismo lugar a las 18.30 con una procesi\u00f3n junto a la Virgen de Luj\u00e1n, primero hacia la Costanera y luego a la Parroquia donde se celebr\u00f3 una misa.<\/p>\n\n\n\n<p class=\"wp-block-paragraph\">En la \u00faltima jornada, adem\u00e1s de los videos compartidos y el brindis, las propias bailarinas de la profesora Mar\u00eda Gabriela L\u00f3pez, entregaron un cuadro confeccionado por un artista corondino referido a las Bodas de Plata del Encuentro.<\/p>\n\n\n\n<p class=\"wp-block-paragraph\">Finaliz\u00f3 el Encuentro de Danzas Folkl\u00f3ricas Argentinas con un nuevo acto para un grupo de asistentes presenciales y miles a nivel virtual.<\/p>\n\n\n\n<p class=\"wp-block-paragraph\">Hubo saludos de agrupaciones, ex bailarines, reconocimientos a Comisiones, sorpresas y brindis.<\/p>\n\n\n\n<p class=\"wp-block-paragraph\">Todo arranc\u00f3 el viernes por la noche en la misma sede del Sal\u00f3n Sal\u00f3n Cre-Arte donde se vivi\u00f3 la primera noche del Encuentro de Danzas Folkl\u00f3ricas Argentinas con videos preparados por agrupaciones amigas y reconocimientos.<\/p>\n\n\n\n<p class=\"wp-block-paragraph\">La actividad prosigui\u00f3 el s\u00e1bado con la caravana desde en el mismo lugar a las 18.30 con una procesi\u00f3n junto a la Virgen de Luj\u00e1n, primero hacia la Costanera y luego a la Parroquia donde se celebr\u00f3 una misa.<\/p>\n\n\n\n<p class=\"wp-block-paragraph\">En la \u00faltima jornada, adem\u00e1s de los videos compartidos y el brindis, las propias bailarinas de la profesora Mar\u00eda Gabriela L\u00f3pez, entregaron un cuadro confeccionado por un artista corondino referido a las Bodas de Plata del Encuentro.<\/p>\n\n\n\n<p class=\"wp-block-paragraph\"><strong>Fuente: Coronda Registrada<\/strong><\/p>\n","protected":false},"excerpt":{"rendered":"<p>Finaliz\u00f3 el Encuentro de Danzas Folkl\u00f3ricas Argentinas con un nuevo acto para un grupo de asistentes presenciales [&hellip;]<\/p>\n","protected":false},"author":3,"featured_media":3543,"comment_status":"open","ping_status":"open","sticky":false,"template":"","format":"standard","meta":{"_jetpack_newsletter_access":"","_jetpack_dont_email_post_to_subs":false,"_jetpack_newsletter_tier_id":0,"_jetpack_memberships_contains_paywalled_content":false,"_jetpack_feature_clip_id":0,"_jetpack_memberships_contains_paid_content":false,"footnotes":"","jetpack_publicize_message":"","jetpack_publicize_feature_enabled":true,"jetpack_social_post_already_shared":true,"jetpack_social_options":{"image_generator_settings":{"template":"highway","default_image_id":0,"font":"","enabled":false},"version":2},"jetpack_post_was_ever_published":false},"categories":[15],"tags":[],"class_list":["post-3542","post","type-post","status-publish","format-standard","has-post-thumbnail","hentry","category-coronda"],"jetpack_publicize_connections":[],"jetpack_sharing_enabled":true,"jetpack_featured_media_url":"http:\/\/enteculturalsantafesino.com.ar\/usina4\/wp-content\/uploads\/2020\/10\/Encuentro-25-anos-III-86-1024x683-1.jpg","_links":{"self":[{"href":"http:\/\/enteculturalsantafesino.com.ar\/usina4\/wp-json\/wp\/v2\/posts\/3542","targetHints":{"allow":["GET"]}}],"collection":[{"href":"http:\/\/enteculturalsantafesino.com.ar\/usina4\/wp-json\/wp\/v2\/posts"}],"about":[{"href":"http:\/\/enteculturalsantafesino.com.ar\/usina4\/wp-json\/wp\/v2\/types\/post"}],"author":[{"embeddable":true,"href":"http:\/\/enteculturalsantafesino.com.ar\/usina4\/wp-json\/wp\/v2\/users\/3"}],"replies":[{"embeddable":true,"href":"http:\/\/enteculturalsantafesino.com.ar\/usina4\/wp-json\/wp\/v2\/comments?post=3542"}],"version-history":[{"count":2,"href":"http:\/\/enteculturalsantafesino.com.ar\/usina4\/wp-json\/wp\/v2\/posts\/3542\/revisions"}],"predecessor-version":[{"id":3545,"href":"http:\/\/enteculturalsantafesino.com.ar\/usina4\/wp-json\/wp\/v2\/posts\/3542\/revisions\/3545"}],"wp:featuredmedia":[{"embeddable":true,"href":"http:\/\/enteculturalsantafesino.com.ar\/usina4\/wp-json\/wp\/v2\/media\/3543"}],"wp:attachment":[{"href":"http:\/\/enteculturalsantafesino.com.ar\/usina4\/wp-json\/wp\/v2\/media?parent=3542"}],"wp:term":[{"taxonomy":"category","embeddable":true,"href":"http:\/\/enteculturalsantafesino.com.ar\/usina4\/wp-json\/wp\/v2\/categories?post=3542"},{"taxonomy":"post_tag","embeddable":true,"href":"http:\/\/enteculturalsantafesino.com.ar\/usina4\/wp-json\/wp\/v2\/tags?post=3542"}],"curies":[{"name":"wp","href":"https:\/\/api.w.org\/{rel}","templated":true}]}}