{"id":4248,"date":"2022-08-08T00:34:30","date_gmt":"2022-08-08T00:34:30","guid":{"rendered":"http:\/\/enteculturalsantafesino.com.ar\/usina4\/?p=4248"},"modified":"2022-08-08T00:34:32","modified_gmt":"2022-08-08T00:34:32","slug":"santa-clara-de-buena-vista-jugo-su-torneo-de-bolitas","status":"publish","type":"post","link":"http:\/\/enteculturalsantafesino.com.ar\/usina4\/2022\/08\/santa-clara-de-buena-vista-jugo-su-torneo-de-bolitas\/","title":{"rendered":"Santa Clara de Buena Vista jug\u00f3 su \u00abTorneo de Bolitas\u00bb"},"content":{"rendered":"\n<p>El<strong>\u00a0domingo 7<\/strong>\u00a0en la <strong>Plaza San Mart\u00edn,<\/strong> con m\u00e1s de 40 inscriptos,\u00a0se realiz\u00f3 en la localidad perteneciente al <strong>dpto. Las Colonias\u00a0<\/strong>el\u00a0<strong>\u00abTorneo Provincial de Bolitas \u2013 Copa H\u00e9roes de Malvinas\u00bb<\/strong>\u00a0organizado por el\u00a0<strong>Ente Cultural Santafesino<\/strong>\u00a0y coordinado por la <strong>Secretaria de Cultura de la Comuna de Santa Clara de Buena Vista<\/strong><\/p>\n\n\n\n<p>El mismo presenta 4 categor\u00edas:&nbsp;<em>Categor\u00eda \u201cA\u201d de 8 a 12 a\u00f1os; Categor\u00eda \u201cB\u201d de 13 a 15 a\u00f1os; Categor\u00eda \u201cC\u201d de 16 a 30 a\u00f1os; y Categor\u00eda \u201cD\u201d de 31 en adelante.<\/em><\/p>\n\n\n\n<p><strong><em>Los ganadores que representaran a las comunidad en la regional son:<\/em><\/strong><\/p>\n\n\n\n<p><strong>Categor\u00eda A : <\/strong><em>(Se disputar\u00e1 el pr\u00f3ximo domingo 14 )<\/em><br><strong>Categor\u00eda B : Sandro Herrera<br>Categor\u00eda C : Hern\u00e1n Ceballos<br>Categor\u00eda D: Hern\u00e1n Ceballos<\/strong><\/p>\n\n\n\n<p>El certamen cuenta con competencias locales, luego regionales y la gran final que ser\u00e1 en la ciudad de San Jorge, posibilitando que los participantes recorran la primer f\u00e1brica Argentina de bolitas de cristal.<\/p>\n\n\n\n<p>Contin\u00faan los encuentros locales en busca de representantes a las etapas regionales. El cierre ser\u00e1 el 4de septiembre, en la ciudad de San Jorge.\u00a0<\/p>\n","protected":false},"excerpt":{"rendered":"<p>El\u00a0domingo 7\u00a0en la Plaza San Mart\u00edn, con m\u00e1s de 40 inscriptos,\u00a0se realiz\u00f3 en la localidad perteneciente al [&hellip;]<\/p>\n","protected":false},"author":3,"featured_media":4249,"comment_status":"open","ping_status":"open","sticky":false,"template":"","format":"standard","meta":{"_jetpack_memberships_contains_paid_content":false,"footnotes":"","jetpack_publicize_message":"","jetpack_publicize_feature_enabled":true,"jetpack_social_post_already_shared":true,"jetpack_social_options":{"image_generator_settings":{"template":"highway","enabled":false}}},"categories":[6,20],"tags":[],"jetpack_publicize_connections":[],"jetpack_featured_media_url":"http:\/\/enteculturalsantafesino.com.ar\/usina4\/wp-content\/uploads\/2022\/08\/298089725_3178304899090466_8136248145077819727_n.jpg","jetpack_sharing_enabled":true,"_links":{"self":[{"href":"http:\/\/enteculturalsantafesino.com.ar\/usina4\/wp-json\/wp\/v2\/posts\/4248"}],"collection":[{"href":"http:\/\/enteculturalsantafesino.com.ar\/usina4\/wp-json\/wp\/v2\/posts"}],"about":[{"href":"http:\/\/enteculturalsantafesino.com.ar\/usina4\/wp-json\/wp\/v2\/types\/post"}],"author":[{"embeddable":true,"href":"http:\/\/enteculturalsantafesino.com.ar\/usina4\/wp-json\/wp\/v2\/users\/3"}],"replies":[{"embeddable":true,"href":"http:\/\/enteculturalsantafesino.com.ar\/usina4\/wp-json\/wp\/v2\/comments?post=4248"}],"version-history":[{"count":1,"href":"http:\/\/enteculturalsantafesino.com.ar\/usina4\/wp-json\/wp\/v2\/posts\/4248\/revisions"}],"predecessor-version":[{"id":4250,"href":"http:\/\/enteculturalsantafesino.com.ar\/usina4\/wp-json\/wp\/v2\/posts\/4248\/revisions\/4250"}],"wp:featuredmedia":[{"embeddable":true,"href":"http:\/\/enteculturalsantafesino.com.ar\/usina4\/wp-json\/wp\/v2\/media\/4249"}],"wp:attachment":[{"href":"http:\/\/enteculturalsantafesino.com.ar\/usina4\/wp-json\/wp\/v2\/media?parent=4248"}],"wp:term":[{"taxonomy":"category","embeddable":true,"href":"http:\/\/enteculturalsantafesino.com.ar\/usina4\/wp-json\/wp\/v2\/categories?post=4248"},{"taxonomy":"post_tag","embeddable":true,"href":"http:\/\/enteculturalsantafesino.com.ar\/usina4\/wp-json\/wp\/v2\/tags?post=4248"}],"curies":[{"name":"wp","href":"https:\/\/api.w.org\/{rel}","templated":true}]}}