{"id":4653,"date":"2023-06-26T04:46:30","date_gmt":"2023-06-26T04:46:30","guid":{"rendered":"http:\/\/enteculturalsantafesino.com.ar\/usina4\/?p=4653"},"modified":"2023-06-26T04:46:34","modified_gmt":"2023-06-26T04:46:34","slug":"emotiva-jornada-de-for-estar-en-santa-rosa-de-calchines","status":"publish","type":"post","link":"http:\/\/enteculturalsantafesino.com.ar\/usina4\/2023\/06\/emotiva-jornada-de-for-estar-en-santa-rosa-de-calchines\/","title":{"rendered":"Emotiva jornada de \u00abFor Estar\u00bb en Santa Rosa de Calchines"},"content":{"rendered":"\n<p>En la comunidad perteneciente al dpto Garay, en el marco del<strong>\u00a015\u00b0 aniversario<\/strong>, el\u00a0<strong>Ente Cultural Santafesino<\/strong>\u00a0sigue desarrollando su plan de forestaci\u00f3n, en distintos localidades santafesinas adheridas a dicho espacio cultural.<\/p>\n\n\n\n<p><strong><em>\u00abFor Estar\u00bb<\/em><\/strong><\/p>\n\n\n\n<p>Durante la tarde del\u00a0<strong>jueves 22<\/strong>\u00a0frente al <strong>Hospital local\u00a0<\/strong>se llev\u00f3 a cabo la d\u00e9cima primera plantaci\u00f3n, en una acto muy emotivo junto a la maravillosa presencia de los integrantes del <strong>Centro Educativo Terap\u00e9utico \u00abMi Taller<\/strong>\u00ab<\/p>\n\n\n\n<p>La jornada cont\u00f3 con la presencia de la\u00a0<strong>responsable del Ente Cultural Santafesino, Claudia Giaccone, la Directora de<\/strong> <strong>la Usina IV Olga Migno, Emanuel Bianco, Secretario de Cultura <\/strong>y<strong> Pilmaiquen Montenegro, Secretaria de Ambiente<\/strong><\/p>\n\n\n\n<p>Por su parte la\u00a0<strong>responsable del Ente Cultural Santafesino Claudia Giaccone<\/strong>, manifest\u00f3 el agradecimiento a la gesti\u00f3n comunal y en particular a los integrantes del <strong>Centro \u00abMi Taller\u00bb <\/strong>quienes llevan adelante un compromiso y participaci\u00f3n muy importante con el <strong>Vivero Comunal \u00abFlorian Paucke\u00bb. <\/strong><\/p>\n\n\n\n<p><em>\u00abSin lugar a dudas cada nueva plantaci\u00f3n es una nueva esperanza y un mensaje de futuro para todos los vecinos de Santa Rosa de Calchines\u00bb<\/em>, finaliz\u00f3\u00a0<strong>Giaccone<\/strong><\/p>\n\n\n\n<p><em><strong>\u00abFor Estar\u00bb<\/strong>, fue pensado y puesto en el \u00abPlan 2023\u00bb con el prop\u00f3sito de involucrarnos, reflexionar y contagiar sobre la importancia de forestar, generando herramientas, est\u00edmulos y ejemplos sobre el tema en cuesti\u00f3n, promoviendo la participaci\u00f3n y visibilizaci\u00f3n de dicha acci\u00f3n cultural<\/em>, finaliz\u00f3<strong>\u00a0Giaccone<\/strong>.<\/p>\n\n\n\n<figure class=\"wp-block-gallery columns-3 is-cropped wp-block-gallery-1 is-layout-flex wp-block-gallery-is-layout-flex\"><ul class=\"blocks-gallery-grid\"><li class=\"blocks-gallery-item\"><figure><img loading=\"lazy\" decoding=\"async\" width=\"1024\" height=\"768\" src=\"http:\/\/enteculturalsantafesino.com.ar\/usina4\/wp-content\/uploads\/2023\/06\/3db2f20d-f323-4657-9ad7-d2854c8f88b5-1024x768.jpg\" alt=\"\" data-id=\"4654\" data-full-url=\"http:\/\/enteculturalsantafesino.com.ar\/usina4\/wp-content\/uploads\/2023\/06\/3db2f20d-f323-4657-9ad7-d2854c8f88b5.jpg\" data-link=\"http:\/\/enteculturalsantafesino.com.ar\/usina4\/?attachment_id=4654\" class=\"wp-image-4654\" srcset=\"http:\/\/enteculturalsantafesino.com.ar\/usina4\/wp-content\/uploads\/2023\/06\/3db2f20d-f323-4657-9ad7-d2854c8f88b5-1024x768.jpg 1024w, http:\/\/enteculturalsantafesino.com.ar\/usina4\/wp-content\/uploads\/2023\/06\/3db2f20d-f323-4657-9ad7-d2854c8f88b5-300x225.jpg 300w, http:\/\/enteculturalsantafesino.com.ar\/usina4\/wp-content\/uploads\/2023\/06\/3db2f20d-f323-4657-9ad7-d2854c8f88b5-768x576.jpg 768w, http:\/\/enteculturalsantafesino.com.ar\/usina4\/wp-content\/uploads\/2023\/06\/3db2f20d-f323-4657-9ad7-d2854c8f88b5.jpg 1280w\" sizes=\"(max-width: 1024px) 100vw, 1024px\" \/><\/figure><\/li><li class=\"blocks-gallery-item\"><figure><img loading=\"lazy\" decoding=\"async\" width=\"1024\" height=\"768\" src=\"http:\/\/enteculturalsantafesino.com.ar\/usina4\/wp-content\/uploads\/2023\/06\/701e1237-b5d1-49be-b141-97cd14d466bd-1024x768.jpg\" alt=\"\" data-id=\"4655\" data-full-url=\"http:\/\/enteculturalsantafesino.com.ar\/usina4\/wp-content\/uploads\/2023\/06\/701e1237-b5d1-49be-b141-97cd14d466bd.jpg\" data-link=\"http:\/\/enteculturalsantafesino.com.ar\/usina4\/?attachment_id=4655\" class=\"wp-image-4655\" srcset=\"http:\/\/enteculturalsantafesino.com.ar\/usina4\/wp-content\/uploads\/2023\/06\/701e1237-b5d1-49be-b141-97cd14d466bd-1024x768.jpg 1024w, http:\/\/enteculturalsantafesino.com.ar\/usina4\/wp-content\/uploads\/2023\/06\/701e1237-b5d1-49be-b141-97cd14d466bd-300x225.jpg 300w, http:\/\/enteculturalsantafesino.com.ar\/usina4\/wp-content\/uploads\/2023\/06\/701e1237-b5d1-49be-b141-97cd14d466bd-768x576.jpg 768w, http:\/\/enteculturalsantafesino.com.ar\/usina4\/wp-content\/uploads\/2023\/06\/701e1237-b5d1-49be-b141-97cd14d466bd.jpg 1280w\" sizes=\"(max-width: 1024px) 100vw, 1024px\" \/><\/figure><\/li><li class=\"blocks-gallery-item\"><figure><img loading=\"lazy\" decoding=\"async\" width=\"1024\" height=\"768\" src=\"http:\/\/enteculturalsantafesino.com.ar\/usina4\/wp-content\/uploads\/2023\/06\/347582229_236864539098454_7979139322957504586_n-1024x768.jpg\" alt=\"\" data-id=\"4656\" data-full-url=\"http:\/\/enteculturalsantafesino.com.ar\/usina4\/wp-content\/uploads\/2023\/06\/347582229_236864539098454_7979139322957504586_n.jpg\" data-link=\"http:\/\/enteculturalsantafesino.com.ar\/usina4\/?attachment_id=4656\" class=\"wp-image-4656\" srcset=\"http:\/\/enteculturalsantafesino.com.ar\/usina4\/wp-content\/uploads\/2023\/06\/347582229_236864539098454_7979139322957504586_n-1024x768.jpg 1024w, http:\/\/enteculturalsantafesino.com.ar\/usina4\/wp-content\/uploads\/2023\/06\/347582229_236864539098454_7979139322957504586_n-300x225.jpg 300w, http:\/\/enteculturalsantafesino.com.ar\/usina4\/wp-content\/uploads\/2023\/06\/347582229_236864539098454_7979139322957504586_n-768x576.jpg 768w, http:\/\/enteculturalsantafesino.com.ar\/usina4\/wp-content\/uploads\/2023\/06\/347582229_236864539098454_7979139322957504586_n.jpg 1280w\" sizes=\"(max-width: 1024px) 100vw, 1024px\" \/><\/figure><\/li><li class=\"blocks-gallery-item\"><figure><img loading=\"lazy\" decoding=\"async\" width=\"1024\" height=\"768\" src=\"http:\/\/enteculturalsantafesino.com.ar\/usina4\/wp-content\/uploads\/2023\/06\/aa0d8fed-8d94-4d15-b95f-97ba7561cc87-1024x768.jpg\" alt=\"\" data-id=\"4657\" data-full-url=\"http:\/\/enteculturalsantafesino.com.ar\/usina4\/wp-content\/uploads\/2023\/06\/aa0d8fed-8d94-4d15-b95f-97ba7561cc87.jpg\" data-link=\"http:\/\/enteculturalsantafesino.com.ar\/usina4\/?attachment_id=4657\" class=\"wp-image-4657\" srcset=\"http:\/\/enteculturalsantafesino.com.ar\/usina4\/wp-content\/uploads\/2023\/06\/aa0d8fed-8d94-4d15-b95f-97ba7561cc87-1024x768.jpg 1024w, http:\/\/enteculturalsantafesino.com.ar\/usina4\/wp-content\/uploads\/2023\/06\/aa0d8fed-8d94-4d15-b95f-97ba7561cc87-300x225.jpg 300w, http:\/\/enteculturalsantafesino.com.ar\/usina4\/wp-content\/uploads\/2023\/06\/aa0d8fed-8d94-4d15-b95f-97ba7561cc87-768x576.jpg 768w, http:\/\/enteculturalsantafesino.com.ar\/usina4\/wp-content\/uploads\/2023\/06\/aa0d8fed-8d94-4d15-b95f-97ba7561cc87.jpg 1280w\" sizes=\"(max-width: 1024px) 100vw, 1024px\" \/><\/figure><\/li><\/ul><\/figure>\n","protected":false},"excerpt":{"rendered":"<p>En la comunidad perteneciente al dpto Garay, en el marco del\u00a015\u00b0 aniversario, el\u00a0Ente Cultural Santafesino\u00a0sigue desarrollando su [&hellip;]<\/p>\n","protected":false},"author":3,"featured_media":4656,"comment_status":"open","ping_status":"open","sticky":false,"template":"","format":"standard","meta":{"_jetpack_memberships_contains_paid_content":false,"footnotes":"","jetpack_publicize_message":"","jetpack_publicize_feature_enabled":true,"jetpack_social_post_already_shared":true,"jetpack_social_options":{"image_generator_settings":{"template":"highway","enabled":false}}},"categories":[6,4],"tags":[],"jetpack_publicize_connections":[],"jetpack_featured_media_url":"http:\/\/enteculturalsantafesino.com.ar\/usina4\/wp-content\/uploads\/2023\/06\/347582229_236864539098454_7979139322957504586_n.jpg","jetpack_sharing_enabled":true,"_links":{"self":[{"href":"http:\/\/enteculturalsantafesino.com.ar\/usina4\/wp-json\/wp\/v2\/posts\/4653"}],"collection":[{"href":"http:\/\/enteculturalsantafesino.com.ar\/usina4\/wp-json\/wp\/v2\/posts"}],"about":[{"href":"http:\/\/enteculturalsantafesino.com.ar\/usina4\/wp-json\/wp\/v2\/types\/post"}],"author":[{"embeddable":true,"href":"http:\/\/enteculturalsantafesino.com.ar\/usina4\/wp-json\/wp\/v2\/users\/3"}],"replies":[{"embeddable":true,"href":"http:\/\/enteculturalsantafesino.com.ar\/usina4\/wp-json\/wp\/v2\/comments?post=4653"}],"version-history":[{"count":1,"href":"http:\/\/enteculturalsantafesino.com.ar\/usina4\/wp-json\/wp\/v2\/posts\/4653\/revisions"}],"predecessor-version":[{"id":4658,"href":"http:\/\/enteculturalsantafesino.com.ar\/usina4\/wp-json\/wp\/v2\/posts\/4653\/revisions\/4658"}],"wp:featuredmedia":[{"embeddable":true,"href":"http:\/\/enteculturalsantafesino.com.ar\/usina4\/wp-json\/wp\/v2\/media\/4656"}],"wp:attachment":[{"href":"http:\/\/enteculturalsantafesino.com.ar\/usina4\/wp-json\/wp\/v2\/media?parent=4653"}],"wp:term":[{"taxonomy":"category","embeddable":true,"href":"http:\/\/enteculturalsantafesino.com.ar\/usina4\/wp-json\/wp\/v2\/categories?post=4653"},{"taxonomy":"post_tag","embeddable":true,"href":"http:\/\/enteculturalsantafesino.com.ar\/usina4\/wp-json\/wp\/v2\/tags?post=4653"}],"curies":[{"name":"wp","href":"https:\/\/api.w.org\/{rel}","templated":true}]}}